{"id":14842,"date":"2025-09-19T15:53:01","date_gmt":"2025-09-19T13:53:01","guid":{"rendered":"https:\/\/pasaenmendoza.com\/?p=14842"},"modified":"2025-09-19T15:53:03","modified_gmt":"2025-09-19T13:53:03","slug":"el-tiempo-en-mendoza-alerta-por-zonda-y-tormentas","status":"publish","type":"post","link":"https:\/\/pasaenmendoza.com\/?p=14842","title":{"rendered":"El tiempo en Mendoza: alerta por Zonda y tormentas"},"content":{"rendered":"\n<p>El Servicio Meteorol\u00f3gico Nacional (SMN) lanz\u00f3 alertas por la presencia de viento Zonda y tormentas en distintas zonas de Mendoza para este viernes 19 de septiembre. El fen\u00f3meno clim\u00e1tico traer\u00e1 consigo un marcado descenso de la temperatura, con una m\u00e1xima prevista de 22 grados.<\/p>\n\n\n\n<p>Seg\u00fan el organismo, rige\u00a0<strong>alerta amarilla por viento Zonda<\/strong>\u00a0en Malarg\u00fce y en la precordillera de Las Heras y Luj\u00e1n de Cuyo. Se esperan r\u00e1fagas de entre 30 y 50 kil\u00f3metros por hora, con picos que podr\u00edan alcanzar los 70.<\/p>\n\n\n\n<p>Las autoridades recomiendan extremar precauciones ante la posible reducci\u00f3n de la visibilidad y los riesgos asociados a incendios en \u00e1reas rurales.<\/p>\n\n\n\n<p>En paralelo, hay\u00a0<strong>alerta amarilla por tormentas<\/strong>\u00a0para las primeras horas de este viernes en el este de Las Heras, La Paz, Lavalle, San Mart\u00edn, Santa Rosa, General Alvear y la zona baja de San Rafael. Se prev\u00e9n tormentas aisladas, algunas localmente fuertes, con chaparrones intensos, granizo ocasional, actividad el\u00e9ctrica y r\u00e1fagas de hasta 70 km\/h. El SMN advirti\u00f3 adem\u00e1s que podr\u00edan registrarse precipitaciones acumuladas de entre 15 y 30 mil\u00edmetros, con valores superiores de manera puntual.<\/p>\n\n\n\n<p>El pron\u00f3stico detalla, adem\u00e1s, que el ingreso del viento sur se har\u00e1 sentir desde las primeras horas de la ma\u00f1ana, iniciando en el sur provincial alrededor de las 8 y alcanzando la zona norte cerca de las 11. El cielo se mantendr\u00e1 entre seminublado y nublado en todo el llano, aunque no se esperan lluvias en esas \u00e1reas. En tanto, en alta monta\u00f1a, el mal tiempo se intensificar\u00e1 desde la noche en el sur, con nevadas previstas hasta la madrugada del s\u00e1bado.<\/p>\n\n\n\n<p><strong>Fuente: www.elsol.com.ar<\/strong><\/p>\n","protected":false},"excerpt":{"rendered":"<p>El Servicio Meteorol\u00f3gico Nacional (SMN) lanz\u00f3 alertas por la presencia de viento Zonda y tormentas en distintas zonas de Mendoza para este viernes 19 de septiembre. El fen\u00f3meno clim\u00e1tico traer\u00e1 consigo un marcado descenso de la temperatura, con una m\u00e1xima prevista de 22 grados. Seg\u00fan el organismo, rige\u00a0alerta amarilla por viento Zonda\u00a0en Malarg\u00fce y en [&hellip;]<\/p>\n","protected":false},"author":2,"featured_media":14843,"comment_status":"open","ping_status":"open","sticky":false,"template":"","format":"standard","meta":[],"categories":[52],"tags":[],"_links":{"self":[{"href":"https:\/\/pasaenmendoza.com\/index.php?rest_route=\/wp\/v2\/posts\/14842"}],"collection":[{"href":"https:\/\/pasaenmendoza.com\/index.php?rest_route=\/wp\/v2\/posts"}],"about":[{"href":"https:\/\/pasaenmendoza.com\/index.php?rest_route=\/wp\/v2\/types\/post"}],"author":[{"embeddable":true,"href":"https:\/\/pasaenmendoza.com\/index.php?rest_route=\/wp\/v2\/users\/2"}],"replies":[{"embeddable":true,"href":"https:\/\/pasaenmendoza.com\/index.php?rest_route=%2Fwp%2Fv2%2Fcomments&post=14842"}],"version-history":[{"count":1,"href":"https:\/\/pasaenmendoza.com\/index.php?rest_route=\/wp\/v2\/posts\/14842\/revisions"}],"predecessor-version":[{"id":14844,"href":"https:\/\/pasaenmendoza.com\/index.php?rest_route=\/wp\/v2\/posts\/14842\/revisions\/14844"}],"wp:featuredmedia":[{"embeddable":true,"href":"https:\/\/pasaenmendoza.com\/index.php?rest_route=\/wp\/v2\/media\/14843"}],"wp:attachment":[{"href":"https:\/\/pasaenmendoza.com\/index.php?rest_route=%2Fwp%2Fv2%2Fmedia&parent=14842"}],"wp:term":[{"taxonomy":"category","embeddable":true,"href":"https:\/\/pasaenmendoza.com\/index.php?rest_route=%2Fwp%2Fv2%2Fcategories&post=14842"},{"taxonomy":"post_tag","embeddable":true,"href":"https:\/\/pasaenmendoza.com\/index.php?rest_route=%2Fwp%2Fv2%2Ftags&post=14842"}],"curies":[{"name":"wp","href":"https:\/\/api.w.org\/{rel}","templated":true}]}}