{"id":14845,"date":"2025-09-19T15:57:12","date_gmt":"2025-09-19T13:57:12","guid":{"rendered":"https:\/\/pasaenmendoza.com\/?p=14845"},"modified":"2025-09-19T15:57:13","modified_gmt":"2025-09-19T13:57:13","slug":"allanamientos-en-capital-para-desbaratar-una-banda-de-motochorros-7-detenidos-y-armas-secuestradas","status":"publish","type":"post","link":"https:\/\/pasaenmendoza.com\/?p=14845","title":{"rendered":"Allanamientos en Capital para desbaratar una banda de motochorros: 7 detenidos y armas secuestradas"},"content":{"rendered":"\n<p>La&nbsp;<strong>Polic\u00eda de Mendoza<\/strong>&nbsp;en conjunto con el<strong>&nbsp;Ministerio P\u00fablico Fiscal<\/strong>&nbsp;realizaron allanamientos masivos en Ciudad y Las Heras con el objetivo de detener a una banda de motochorros que operaba en zonas de la Cuarta, Quinta y Sexta Secci\u00f3n.<\/p>\n\n\n\n<p>El operativo, que comenz\u00f3 a las 4.30 de este viernes, cont\u00f3 con 44 allanamientos y logr\u00f3 detener a 7 personas -ninguna menor de edad-, secuestrar 14 celulares, 4 armas de fuego y varios gramos de coca\u00edna.<\/p>\n\n\n\n<p>Entre los detenidos se encuentra uno de los acusados de balear a una j\u00f3ven para robarle el celular el pasado 30 de agosto en la Sexta Secci\u00f3n. El asalto ocurri\u00f3 en la intersecci\u00f3n de\u00a0Huarpes y Arist\u00f3bulo del Valle, a metros de la casa de la v\u00edctima.<\/p>\n\n\n\n<p>Tras este hecho, se form\u00f3 una comisi\u00f3n integrada por efectivos de Investigaciones y fiscales de Robos y Hurtos y Sustracci\u00f3n de Automotores y Delitos No Especializados, analizaron los casos similares de los \u00faltimos dos meses y determinaron los lugares donde realizar los allanamientos.<\/p>\n\n\n\n<p>\u201c<em>Adem\u00e1s de dinero en efectivo, y estos 200 gramos de coca\u00edna en un solo domicilio, se secuestraron 14 celulares que van a ser muy importantes para las distintas causas\u201d,&nbsp;<\/em>explic\u00f3 la ministra de Seguridad y Justicia, Mercedes Rus.<\/p>\n\n\n\n<p>Adem\u00e1s, la funcionaria afirm\u00f3 que los allanamientos permitieron dar con un domicilio en donde \u201cse enfriaban\u201d veh\u00edculos que eran robados en la Ciudad de Mendoza.<\/p>\n\n\n\n<p><strong>Fuente: www.elsol.com.ar<\/strong><\/p>\n","protected":false},"excerpt":{"rendered":"<p>La&nbsp;Polic\u00eda de Mendoza&nbsp;en conjunto con el&nbsp;Ministerio P\u00fablico Fiscal&nbsp;realizaron allanamientos masivos en Ciudad y Las Heras con el objetivo de detener a una banda de motochorros que operaba en zonas de la Cuarta, Quinta y Sexta Secci\u00f3n. El operativo, que comenz\u00f3 a las 4.30 de este viernes, cont\u00f3 con 44 allanamientos y logr\u00f3 detener a 7 [&hellip;]<\/p>\n","protected":false},"author":2,"featured_media":14846,"comment_status":"open","ping_status":"open","sticky":false,"template":"","format":"standard","meta":[],"categories":[48],"tags":[],"_links":{"self":[{"href":"https:\/\/pasaenmendoza.com\/index.php?rest_route=\/wp\/v2\/posts\/14845"}],"collection":[{"href":"https:\/\/pasaenmendoza.com\/index.php?rest_route=\/wp\/v2\/posts"}],"about":[{"href":"https:\/\/pasaenmendoza.com\/index.php?rest_route=\/wp\/v2\/types\/post"}],"author":[{"embeddable":true,"href":"https:\/\/pasaenmendoza.com\/index.php?rest_route=\/wp\/v2\/users\/2"}],"replies":[{"embeddable":true,"href":"https:\/\/pasaenmendoza.com\/index.php?rest_route=%2Fwp%2Fv2%2Fcomments&post=14845"}],"version-history":[{"count":1,"href":"https:\/\/pasaenmendoza.com\/index.php?rest_route=\/wp\/v2\/posts\/14845\/revisions"}],"predecessor-version":[{"id":14847,"href":"https:\/\/pasaenmendoza.com\/index.php?rest_route=\/wp\/v2\/posts\/14845\/revisions\/14847"}],"wp:featuredmedia":[{"embeddable":true,"href":"https:\/\/pasaenmendoza.com\/index.php?rest_route=\/wp\/v2\/media\/14846"}],"wp:attachment":[{"href":"https:\/\/pasaenmendoza.com\/index.php?rest_route=%2Fwp%2Fv2%2Fmedia&parent=14845"}],"wp:term":[{"taxonomy":"category","embeddable":true,"href":"https:\/\/pasaenmendoza.com\/index.php?rest_route=%2Fwp%2Fv2%2Fcategories&post=14845"},{"taxonomy":"post_tag","embeddable":true,"href":"https:\/\/pasaenmendoza.com\/index.php?rest_route=%2Fwp%2Fv2%2Ftags&post=14845"}],"curies":[{"name":"wp","href":"https:\/\/api.w.org\/{rel}","templated":true}]}}