{"id":14848,"date":"2025-09-19T16:02:34","date_gmt":"2025-09-19T14:02:34","guid":{"rendered":"https:\/\/pasaenmendoza.com\/?p=14848"},"modified":"2025-09-19T16:02:35","modified_gmt":"2025-09-19T14:02:35","slug":"la-caida-de-los-boom-de-la-fama-en-redes-con-armas-a-los-allanamientos-masivos-por-asaltos-en-ciudad","status":"publish","type":"post","link":"https:\/\/pasaenmendoza.com\/?p=14848","title":{"rendered":"La ca\u00edda de Los Boom: de la fama en redes con armas, a los allanamientos masivos por asaltos en Ciudad"},"content":{"rendered":"\n<p>Durante meses, los vecinos de la<strong>&nbsp;Cuarta, Quinta y Sexta Secci\u00f3n de Ciudad&nbsp;<\/strong>convivieron con el temor de cruzarse con&nbsp;<strong>Los Boom<\/strong>, una banda juvenil que se mov\u00eda en motos robadas, exhib\u00eda armas de fuego en redes sociales y se hab\u00eda ganado una reputaci\u00f3n en el barrio San Mart\u00edn por su violencia. La pandilla ten\u00eda su base en la zona conocida como Alto Mendoza II, apodada&nbsp;<em>\u201cFuerte Apache\u201d<\/em>, y poco a poco fue sumando integrantes que buscaban \u201crespeto\u201d en el ambiente delictivo.<\/p>\n\n\n\n<p>Las v\u00edctimas no ten\u00edan idea de qui\u00e9nes se trataba y la inseguridad volvi\u00f3 a transformarse en el \u201ctema\u201d m\u00e1s importante a debatir en esos tres sectores, tal como relataron fuentes vecinales, policiales y judiciales a\u00a0<em><strong>El Sol.<\/strong><\/em><\/p>\n\n\n\n<p>El grupo se autodenominaba en Instagram y otras plataformas, donde publicaban fotos con pistolas, motos robadas y mensajes desafiantes. De noche, seg\u00fan contaron los habitantes del sector, realizaban disparos al aire para marcar territorio y asustar a rivales o a cualquiera que intentara acercarse.&nbsp;<strong>Para los pesquisas de Investigaciones, esa presencia digital fue clave para identificarlos.<\/strong><\/p>\n\n\n\n<p>El caso que encendi\u00f3 la alarma de la Polic\u00eda ocurri\u00f3 el 30 de agosto: una adolescente de 17 a\u00f1os fue baleada por motochorros en Huarpes y Arist\u00f3bulo del Valle de la Sexta Secci\u00f3n. La secuencia qued\u00f3 grabada por c\u00e1maras de seguridad y mostr\u00f3 un detalle escalofriante, tal como revel\u00f3 este diario:\u00a0<strong>tras robarle el celular, los delincuentes hicieron un giro en U, regresaron y uno de ellos dispar\u00f3 a quemarropa.\u00a0<\/strong>La joven sobrevivi\u00f3 de milagro, pero el hecho marc\u00f3 un antes y un despu\u00e9s.<\/p>\n\n\n\n<p>A partir de ese ataque, la fiscal de Homicidios\u00a0<strong>Florencia D\u00edaz Peralta<\/strong>\u00a0inici\u00f3 la causa y se conform\u00f3 una comisi\u00f3n especial integrada por el<strong>\u00a0fiscal Juan Manuel S\u00e1nchez<\/strong>\u00a0\u2013de Delitos No Especializados\u2013 y se sumaron las causas que trabajaban en la Unidad Fiscal de Robos y Hurtos y de Sustracci\u00f3n de Automotores. Luego de un trabajo coordinado con Investigaciones, que ten\u00eda todos los hechos, comenzaron a unir las piezas de distintos asaltos ocurridos en los \u00faltimos dos meses en Ciudad.<\/p>\n\n\n\n<p>El trabajo en el barrio fue clave: entrevistas a vecinos y comerciantes revelaron que\u00a0<strong>Los Boom<\/strong>\u00a0hab\u00edan crecido en n\u00famero y violencia, y que estaban tomando control de la zona. Un perfil de Instagram aportado por un vecino permiti\u00f3 identificar a los principales integrantes, confirmar que exhib\u00edan armas de fuego y asociarlos con hechos de robo de motos. Con esas pruebas,\u00a0<strong>se mont\u00f3 en los \u00faltimos d\u00edas una operaci\u00f3n encubierta digital para rastrear sus movimientos y planificar la ca\u00edda del grupo<\/strong>.<\/p>\n\n\n\n<p>Este viernes a las 4.30 se ejecut\u00f3 uno de los operativos m\u00e1s grandes del a\u00f1o en Ciudad:\u00a0<strong>44 allanamientos simult\u00e1neos<\/strong>\u00a0en el barrio San Mart\u00edn y otras zonas. Se habilit\u00f3 el horario nocturno para sorprender a los sospechosos. Siete personas fueron detenidas, se secuestraron cuatro armas de fuego, 14 celulares, 200 gramos de coca\u00edna y dos motos, una de ellas filmada en uno de los robos investigados. Entre los capturados est\u00e1 uno de los acusados de balear a la adolescente en la Sexta Secci\u00f3n.\u00a0<strong>El arma de fuego utilizada en ese tambi\u00e9n fue incautada.<\/strong><\/p>\n\n\n\n<p>En los procedimientos se encontr\u00f3 tambi\u00e9n un domicilio utilizado para\u00a0<em>\u201cenfriar\u201d\u00a0<\/em>veh\u00edculos robados antes de venderlos, una de las dudas que m\u00e1s ten\u00edan los pesquisas. Los celulares secuestrados ser\u00e1n peritados para relacionarlos con otros asaltos violentos. Adem\u00e1s, dieron con una moto que fue sustra\u00edda hace dos d\u00edas, que tambi\u00e9n hab\u00eda quedado registrada en una c\u00e1mara de seguridad.<\/p>\n\n\n\n<p><strong>Fuente: www.elsol.com.ar<\/strong><\/p>\n","protected":false},"excerpt":{"rendered":"<p>Durante meses, los vecinos de la&nbsp;Cuarta, Quinta y Sexta Secci\u00f3n de Ciudad&nbsp;convivieron con el temor de cruzarse con&nbsp;Los Boom, una banda juvenil que se mov\u00eda en motos robadas, exhib\u00eda armas de fuego en redes sociales y se hab\u00eda ganado una reputaci\u00f3n en el barrio San Mart\u00edn por su violencia. La pandilla ten\u00eda su base en [&hellip;]<\/p>\n","protected":false},"author":2,"featured_media":14849,"comment_status":"open","ping_status":"open","sticky":false,"template":"","format":"standard","meta":[],"categories":[48],"tags":[],"_links":{"self":[{"href":"https:\/\/pasaenmendoza.com\/index.php?rest_route=\/wp\/v2\/posts\/14848"}],"collection":[{"href":"https:\/\/pasaenmendoza.com\/index.php?rest_route=\/wp\/v2\/posts"}],"about":[{"href":"https:\/\/pasaenmendoza.com\/index.php?rest_route=\/wp\/v2\/types\/post"}],"author":[{"embeddable":true,"href":"https:\/\/pasaenmendoza.com\/index.php?rest_route=\/wp\/v2\/users\/2"}],"replies":[{"embeddable":true,"href":"https:\/\/pasaenmendoza.com\/index.php?rest_route=%2Fwp%2Fv2%2Fcomments&post=14848"}],"version-history":[{"count":1,"href":"https:\/\/pasaenmendoza.com\/index.php?rest_route=\/wp\/v2\/posts\/14848\/revisions"}],"predecessor-version":[{"id":14850,"href":"https:\/\/pasaenmendoza.com\/index.php?rest_route=\/wp\/v2\/posts\/14848\/revisions\/14850"}],"wp:featuredmedia":[{"embeddable":true,"href":"https:\/\/pasaenmendoza.com\/index.php?rest_route=\/wp\/v2\/media\/14849"}],"wp:attachment":[{"href":"https:\/\/pasaenmendoza.com\/index.php?rest_route=%2Fwp%2Fv2%2Fmedia&parent=14848"}],"wp:term":[{"taxonomy":"category","embeddable":true,"href":"https:\/\/pasaenmendoza.com\/index.php?rest_route=%2Fwp%2Fv2%2Fcategories&post=14848"},{"taxonomy":"post_tag","embeddable":true,"href":"https:\/\/pasaenmendoza.com\/index.php?rest_route=%2Fwp%2Fv2%2Ftags&post=14848"}],"curies":[{"name":"wp","href":"https:\/\/api.w.org\/{rel}","templated":true}]}}