{"id":14854,"date":"2025-09-19T20:48:28","date_gmt":"2025-09-19T18:48:28","guid":{"rendered":"https:\/\/pasaenmendoza.com\/?p=14854"},"modified":"2025-09-19T20:48:29","modified_gmt":"2025-09-19T18:48:29","slug":"como-seran-los-operativos-para-prevenir-incendios-e-incidentes-en-el-dia-del-estudiante","status":"publish","type":"post","link":"https:\/\/pasaenmendoza.com\/?p=14854","title":{"rendered":"C\u00f3mo ser\u00e1n los operativos para prevenir incendios e incidentes en el D\u00eda del Estudiante"},"content":{"rendered":"\n<p>Con el objetivo de\u00a0<strong>prevenir incendios e incidentes en\u00a0espejos de agua\u00a0y \u00e1reas naturales, el Ministerio de Energ\u00eda y Ambiente pondr\u00e1 en marcha un operativo integral de seguridad durante las celebraciones por el\u00a0D\u00eda del Estudiante\u00a0y la llegada de la primavera.<\/strong><\/p>\n\n\n\n<p>La medida se ejecutar\u00e1 en coordinaci\u00f3n con la Polic\u00eda de Mendoza, Departamento de N\u00e1utica, el Plan Provincial de Manejo del Fuego y Bomberos, e\u00a0<strong>incluir\u00e1\u00a0controles\u00a0en embarcaciones, fiscalizaci\u00f3n de normativas de navegaci\u00f3n y acciones de prevenci\u00f3n de incendios.<\/strong><\/p>\n\n\n\n<p>Iv\u00e1n Funes Pinter, director de \u00c1reas Protegidas, destac\u00f3 que \u201cel operativo del D\u00eda de la Primavera es esencial para mantener la seguridad en nuestras \u00e1reas protegidas y espejos de agua. La colaboraci\u00f3n entre el Departamento de N\u00e1utica, el Plan Provincial Manejo del Fuego y la Polic\u00eda es clave para prevenir incidentes y asegurar que todos disfruten de nuestras aguas y \u00e1reas naturales protegidas con responsabilidad.<\/p>\n\n\n\n<p>\u201cEs fundamental que mendocinos y turistas respeten las normativas para disfrutar de manera segura de nuestras bellezas naturales. El operativo de este fin de semana tiene como objetivo garantizar la seguridad de los navegantes y el cuidado del ambiente\u201d, afirm\u00f3.<\/p>\n\n\n\n<p>En los espejos de agua los equipos de inspecci\u00f3n verificar\u00e1n que las embarcaciones cuenten con la documentaci\u00f3n correspondiente, los elementos de seguridad obligatorios y que no superen la capacidad autorizada.<\/p>\n\n\n\n<p>Adem\u00e1s se controlar\u00e1 la navegaci\u00f3n nocturna, prohibida en todos los embalses y r\u00edos de Mendoza, con sanciones que pueden alcanzar hasta los $4.200.000, seg\u00fan la gravedad de la infracci\u00f3n.<\/p>\n\n\n\n<p>Se recuerda que para utilizar embarcaciones en los espejos de agua de la provincia es obligatorio respetar los horarios de navegaci\u00f3n, usar chaleco salvavidas en todo momento, prestar asistencia en caso de emergencia, mantener la embarcaci\u00f3n identificada con matr\u00edcula visible y contar con carnet habilitante junto con seguro vigente en los motores superiores a 10 HP.<\/p>\n\n\n\n<p>Asimismo, se recomienda consultar el pron\u00f3stico del tiempo antes de zarpar, revisar los elementos de seguridad y llamar al 911 en caso de accidente.<\/p>\n\n\n\n<p>Se recuerda que est\u00e1 prohibido ba\u00f1arse en canales de riego y cauces no habilitados, conforme lo establece la Ley 9009 del C\u00f3digo Contravencional. Esta medida busca evitar accidentes y preservar la seguridad de la poblaci\u00f3n, con sanciones que incluyen multas e incluso arresto.<\/p>\n\n\n\n<p><strong>Prevenci\u00f3n de incendios con multas de hasta $58.800.000.<\/strong><\/p>\n\n\n\n<p>El Plan Provincial de Manejo del Fuego reforzar\u00e1 los controles en zonas vulnerables para reducir riesgos, con patrullas permanentes y controles para que no se enciendan fogatas en \u00e1reas que no est\u00e9n expresamente autorizados.<\/p>\n\n\n\n<p>Se advierte que encender fuego en lugares no habilitados est\u00e1 prohibido y que las multas por incendios intencionales en \u00e1reas no autorizadas pueden superar los $58.800.000.<\/p>\n\n\n\n<p>El Ministerio de Energ\u00eda y Ambiente invita a la ciudadan\u00eda a celebrar el D\u00eda de la Primavera en un marco de cuidado y responsabilidad, respetando las normativas vigentes para asegurar una experiencia segura y sin incidentes.<\/p>\n\n\n\n<p><strong>Fuente: www.diariomendoza.com.ar<\/strong><\/p>\n","protected":false},"excerpt":{"rendered":"<p>Con el objetivo de\u00a0prevenir incendios e incidentes en\u00a0espejos de agua\u00a0y \u00e1reas naturales, el Ministerio de Energ\u00eda y Ambiente pondr\u00e1 en marcha un operativo integral de seguridad durante las celebraciones por el\u00a0D\u00eda del Estudiante\u00a0y la llegada de la primavera. La medida se ejecutar\u00e1 en coordinaci\u00f3n con la Polic\u00eda de Mendoza, Departamento de N\u00e1utica, el Plan Provincial [&hellip;]<\/p>\n","protected":false},"author":2,"featured_media":14855,"comment_status":"open","ping_status":"open","sticky":false,"template":"","format":"standard","meta":[],"categories":[50],"tags":[],"_links":{"self":[{"href":"https:\/\/pasaenmendoza.com\/index.php?rest_route=\/wp\/v2\/posts\/14854"}],"collection":[{"href":"https:\/\/pasaenmendoza.com\/index.php?rest_route=\/wp\/v2\/posts"}],"about":[{"href":"https:\/\/pasaenmendoza.com\/index.php?rest_route=\/wp\/v2\/types\/post"}],"author":[{"embeddable":true,"href":"https:\/\/pasaenmendoza.com\/index.php?rest_route=\/wp\/v2\/users\/2"}],"replies":[{"embeddable":true,"href":"https:\/\/pasaenmendoza.com\/index.php?rest_route=%2Fwp%2Fv2%2Fcomments&post=14854"}],"version-history":[{"count":1,"href":"https:\/\/pasaenmendoza.com\/index.php?rest_route=\/wp\/v2\/posts\/14854\/revisions"}],"predecessor-version":[{"id":14856,"href":"https:\/\/pasaenmendoza.com\/index.php?rest_route=\/wp\/v2\/posts\/14854\/revisions\/14856"}],"wp:featuredmedia":[{"embeddable":true,"href":"https:\/\/pasaenmendoza.com\/index.php?rest_route=\/wp\/v2\/media\/14855"}],"wp:attachment":[{"href":"https:\/\/pasaenmendoza.com\/index.php?rest_route=%2Fwp%2Fv2%2Fmedia&parent=14854"}],"wp:term":[{"taxonomy":"category","embeddable":true,"href":"https:\/\/pasaenmendoza.com\/index.php?rest_route=%2Fwp%2Fv2%2Fcategories&post=14854"},{"taxonomy":"post_tag","embeddable":true,"href":"https:\/\/pasaenmendoza.com\/index.php?rest_route=%2Fwp%2Fv2%2Ftags&post=14854"}],"curies":[{"name":"wp","href":"https:\/\/api.w.org\/{rel}","templated":true}]}}