{"id":14864,"date":"2025-09-19T21:26:43","date_gmt":"2025-09-19T19:26:43","guid":{"rendered":"https:\/\/pasaenmendoza.com\/?p=14864"},"modified":"2025-09-19T21:26:44","modified_gmt":"2025-09-19T19:26:44","slug":"el-gobierno-intervino-a-la-asociacion-civil-de-bomberos-voluntarios-de-guaymallen","status":"publish","type":"post","link":"https:\/\/pasaenmendoza.com\/?p=14864","title":{"rendered":"El Gobierno intervino a la Asociaci\u00f3n Civil de Bomberos Voluntarios de Guaymall\u00e9n"},"content":{"rendered":"\n<p>El Gobierno intervino a la Asociaci\u00f3n Civil de\u00a0<strong>Bomberos\u00a0<\/strong>Voluntarios de\u00a0<strong>Guaymall\u00e9n\u00a0<\/strong>tras una serie de denuncias por presuntas irregularidades y design\u00f3 a una coadministradora por 6 meses.<\/p>\n\n\n\n<p>As\u00ed lo estableci\u00f3 el decreto 1999 del&nbsp;<strong>Gobierno de Mendoza<\/strong>&nbsp;fechado el 1 de septiembre que lleva las firmas del gobernador&nbsp;<strong>Alfredo Cornejo<\/strong>&nbsp;y del ministro de Gobierno,&nbsp;<strong>Natalio Mema<\/strong>.<\/p>\n\n\n\n<p>De acuerdo a la pieza administrativa,\u00a0<strong>M\u00f3nica Beatriz El\u00edas<\/strong>\u00a0fue designada\u00a0<strong>coadministradora\u00a0<\/strong>&#8220;con derecho a veto&#8221; para trabajar junto con la comisi\u00f3n directiva de la\u00a0Asociaci\u00f3n Civil Bomberos Voluntarios de Guaymall\u00e9n.<\/p>\n\n\n\n<h2 class=\"wp-block-heading\">Bomberos de Guaymall\u00e9n, en la mira<\/h2>\n\n\n\n<p>La instituci\u00f3n deber\u00e1 presentar documentaci\u00f3n fidedigna referida a balances, entre otros \u00edtem. En caso de incumplimientos, se advirti\u00f3, podr\u00eda haber sanciones administrativas m\u00e1s graves.<\/p>\n\n\n\n<p>La intervenci\u00f3n plena de la&nbsp;<strong>Asociaci\u00f3n Civil de Bomberos Voluntarios de Guaymall\u00e9n<\/strong>&nbsp;es una posibilidad a futuro.<\/p>\n\n\n\n<p>El objetivo es &#8220;garantizar el control de legalidad y transparencia&#8221; de la instituci\u00f3n civil, cuyo funcionamiento deriv\u00f3 en denuncias por presuntas irregularidades.<\/p>\n\n\n\n<h2 class=\"wp-block-heading\">Bomberos de Guaymall\u00e9n: denuncias y defensa<\/h2>\n\n\n\n<p>Los cuestionamientos al funcionamiento institucional de la Asociaci\u00f3n Civil de Bomberos Voluntarios de Guaymall\u00e9n se refieren, entre otros, a la&nbsp;<strong>asamblea&nbsp;<\/strong>del 14 de octubre de 2024 y puntualmente a los siguientes \u00edtem: la desactualizaci\u00f3n del&nbsp;<strong>padr\u00f3n<\/strong>, la falta del cobro de&nbsp;<strong>cuotas&nbsp;<\/strong>desde 2014 y el congelamiento de altas y bajas.<\/p>\n\n\n\n<p>Adem\u00e1s, que en el a\u00f1o 2022 se aprobaron balances &#8220;sin control&#8221;.<\/p>\n\n\n\n<p>Oportunamente, la comisi\u00f3n directiva de la Asociaci\u00f3n Civil&nbsp;<strong>Bomberos&nbsp;<\/strong>Voluntarios de&nbsp;<strong>Guaymall\u00e9n rechaz\u00f3&nbsp;<\/strong>las acusaciones y argument\u00f3 que los padrones &#8220;fueron aprobados en tiempo y forma&#8221; y que &#8220;las&nbsp;<strong>asambleas&nbsp;<\/strong>se desarrollaron con normalidad bajo la fiscalizaci\u00f3n correspondiente&#8221;.<\/p>\n\n\n\n<h2 class=\"wp-block-heading\">Las condiciones fijadas a los Bomberos de Guaymall\u00e9n<\/h2>\n\n\n\n<p>El decreto 1999 del Poder Ejecutivo provincial estableci\u00f3 que la designada&nbsp;<strong>coadministradora&nbsp;<\/strong>M\u00f3nica Beatriz El\u00edas deber\u00e1 presentar un informe t\u00e9cnico 15 d\u00edas despu\u00e9s de haber asumido la funci\u00f3n.<\/p>\n\n\n\n<p>All\u00ed deber\u00e1 consignar &#8220;rendici\u00f3n parcial de cuentas y estado contable, patrimonial y administrativo&#8221; de la\u00a0<strong>Asociaci\u00f3n\u00a0<\/strong>Civil de\u00a0<strong>Bomberos\u00a0<\/strong>Voluntarios de Guaymall\u00e9n.<\/p>\n\n\n\n<p><strong>Fuente: www.diariouno.com.ar<\/strong><\/p>\n","protected":false},"excerpt":{"rendered":"<p>El Gobierno intervino a la Asociaci\u00f3n Civil de\u00a0Bomberos\u00a0Voluntarios de\u00a0Guaymall\u00e9n\u00a0tras una serie de denuncias por presuntas irregularidades y design\u00f3 a una coadministradora por 6 meses. As\u00ed lo estableci\u00f3 el decreto 1999 del&nbsp;Gobierno de Mendoza&nbsp;fechado el 1 de septiembre que lleva las firmas del gobernador&nbsp;Alfredo Cornejo&nbsp;y del ministro de Gobierno,&nbsp;Natalio Mema. De acuerdo a la pieza administrativa,\u00a0M\u00f3nica [&hellip;]<\/p>\n","protected":false},"author":2,"featured_media":14865,"comment_status":"open","ping_status":"open","sticky":false,"template":"","format":"standard","meta":[],"categories":[47],"tags":[],"_links":{"self":[{"href":"https:\/\/pasaenmendoza.com\/index.php?rest_route=\/wp\/v2\/posts\/14864"}],"collection":[{"href":"https:\/\/pasaenmendoza.com\/index.php?rest_route=\/wp\/v2\/posts"}],"about":[{"href":"https:\/\/pasaenmendoza.com\/index.php?rest_route=\/wp\/v2\/types\/post"}],"author":[{"embeddable":true,"href":"https:\/\/pasaenmendoza.com\/index.php?rest_route=\/wp\/v2\/users\/2"}],"replies":[{"embeddable":true,"href":"https:\/\/pasaenmendoza.com\/index.php?rest_route=%2Fwp%2Fv2%2Fcomments&post=14864"}],"version-history":[{"count":1,"href":"https:\/\/pasaenmendoza.com\/index.php?rest_route=\/wp\/v2\/posts\/14864\/revisions"}],"predecessor-version":[{"id":14866,"href":"https:\/\/pasaenmendoza.com\/index.php?rest_route=\/wp\/v2\/posts\/14864\/revisions\/14866"}],"wp:featuredmedia":[{"embeddable":true,"href":"https:\/\/pasaenmendoza.com\/index.php?rest_route=\/wp\/v2\/media\/14865"}],"wp:attachment":[{"href":"https:\/\/pasaenmendoza.com\/index.php?rest_route=%2Fwp%2Fv2%2Fmedia&parent=14864"}],"wp:term":[{"taxonomy":"category","embeddable":true,"href":"https:\/\/pasaenmendoza.com\/index.php?rest_route=%2Fwp%2Fv2%2Fcategories&post=14864"},{"taxonomy":"post_tag","embeddable":true,"href":"https:\/\/pasaenmendoza.com\/index.php?rest_route=%2Fwp%2Fv2%2Ftags&post=14864"}],"curies":[{"name":"wp","href":"https:\/\/api.w.org\/{rel}","templated":true}]}}