{"id":14867,"date":"2025-09-23T01:23:56","date_gmt":"2025-09-22T23:23:56","guid":{"rendered":"https:\/\/pasaenmendoza.com\/?p=14867"},"modified":"2025-09-23T01:23:57","modified_gmt":"2025-09-22T23:23:57","slug":"mendoza-anuncio-una-inversion-de-cinco-millones-para-centros-de-salud","status":"publish","type":"post","link":"https:\/\/pasaenmendoza.com\/?p=14867","title":{"rendered":"Mendoza anunci\u00f3 una inversi\u00f3n de cinco millones para centros de salud"},"content":{"rendered":"\n<p>La\u00a0<strong>salud p\u00fablica<\/strong>\u00a0volvi\u00f3 a ocupar un lugar central en la agenda provincial. Este lunes, el gobernador\u00a0<strong>Alfredo Cornejo<\/strong>\u00a0present\u00f3 la\u00a0<strong>ampliaci\u00f3n y refuncionalizaci\u00f3n<\/strong>\u00a0del\u00a0<strong>Centro de Salud N\u00b0 304 Dr. Arturo O\u00f1ativia<\/strong>, en el barrio Fuchs de\u00a0<strong>Godoy Cruz<\/strong>, un espacio que ahora\u00a0<strong>duplic\u00f3 su superficie<\/strong>\u00a0e incorpor\u00f3\u00a0<strong>equipamiento de\u00a0\u00faltima tecnolog\u00eda<\/strong>.<\/p>\n\n\n\n<p>La obra, financiada con m\u00e1s de&nbsp;<strong>$200 millones de inversi\u00f3n municipal<\/strong>, sum\u00f3 nuevos consultorios, laboratorio, farmacia, salas de espera y un sal\u00f3n de usos m\u00faltiples. Adem\u00e1s, la&nbsp;<strong>Fundaci\u00f3n Bemberg<\/strong>&nbsp;don\u00f3 un&nbsp;<strong>ec\u00f3grafo de \u00faltima generaci\u00f3n<\/strong>, que permitir\u00e1 mejorar la capacidad de diagn\u00f3stico para los vecinos de la zona.<\/p>\n\n\n\n<p>En su discurso, Cornejo subray\u00f3 que \u201cla\u00a0<strong>salud, la educaci\u00f3n\u00a0y la\u00a0asistencia social<\/strong>\u00a0son pilares b\u00e1sicos para garantizar igualdad de oportunidades\u201d. En esa l\u00ednea, anunci\u00f3 una\u00a0<strong>nueva licitaci\u00f3n por $5.000 millones<\/strong>\u00a0destinada a\u00a0<strong>refaccionar y mejorar m\u00faltiples centros de salud en toda Mendoza<\/strong>, con foco en la atenci\u00f3n primaria y en la modernizaci\u00f3n de los servicios.<\/p>\n\n\n\n<p>El ministro de Salud,&nbsp;<strong>Rodolfo Montero<\/strong>, record\u00f3 que este plan forma parte de la reorganizaci\u00f3n del sistema sanitario provincial, que tambi\u00e9n incluye la incorporaci\u00f3n de&nbsp;<strong>20 ambulancias de alta complejidad<\/strong>&nbsp;y mejores condiciones para el personal.<\/p>\n\n\n\n<p>Por su parte, el intendente&nbsp;<strong>Diego Costarelli<\/strong>&nbsp;destac\u00f3 que el nuevo centro beneficiar\u00e1 a&nbsp;<strong>m\u00e1s de 18.000 vecinos por a\u00f1o<\/strong>, al tiempo que aliviar\u00e1 la demanda hospitalaria. Tambi\u00e9n resalt\u00f3 la articulaci\u00f3n p\u00fablico-privada, con aportes de la&nbsp;<strong>Fundaci\u00f3n Grupo Am\u00e9rica<\/strong>&nbsp;en mobiliario y tecnolog\u00eda.<\/p>\n\n\n\n<p>Con estas mejoras, el\u00a0<strong>Centro O\u00f1ativia<\/strong>\u00a0se consolida como un referente en\u00a0<strong>atenci\u00f3n primaria, diagn\u00f3stico y prevenci\u00f3n<\/strong>, reafirmando que en Mendoza la salud es una prioridad estrat\u00e9gica.<\/p>\n\n\n\n<p><strong>Fuente: www.diariomendoza.com.ar<\/strong><\/p>\n","protected":false},"excerpt":{"rendered":"<p>La\u00a0salud p\u00fablica\u00a0volvi\u00f3 a ocupar un lugar central en la agenda provincial. Este lunes, el gobernador\u00a0Alfredo Cornejo\u00a0present\u00f3 la\u00a0ampliaci\u00f3n y refuncionalizaci\u00f3n\u00a0del\u00a0Centro de Salud N\u00b0 304 Dr. Arturo O\u00f1ativia, en el barrio Fuchs de\u00a0Godoy Cruz, un espacio que ahora\u00a0duplic\u00f3 su superficie\u00a0e incorpor\u00f3\u00a0equipamiento de\u00a0\u00faltima tecnolog\u00eda. La obra, financiada con m\u00e1s de&nbsp;$200 millones de inversi\u00f3n municipal, sum\u00f3 nuevos consultorios, laboratorio, [&hellip;]<\/p>\n","protected":false},"author":2,"featured_media":14868,"comment_status":"open","ping_status":"open","sticky":false,"template":"","format":"standard","meta":[],"categories":[58],"tags":[],"_links":{"self":[{"href":"https:\/\/pasaenmendoza.com\/index.php?rest_route=\/wp\/v2\/posts\/14867"}],"collection":[{"href":"https:\/\/pasaenmendoza.com\/index.php?rest_route=\/wp\/v2\/posts"}],"about":[{"href":"https:\/\/pasaenmendoza.com\/index.php?rest_route=\/wp\/v2\/types\/post"}],"author":[{"embeddable":true,"href":"https:\/\/pasaenmendoza.com\/index.php?rest_route=\/wp\/v2\/users\/2"}],"replies":[{"embeddable":true,"href":"https:\/\/pasaenmendoza.com\/index.php?rest_route=%2Fwp%2Fv2%2Fcomments&post=14867"}],"version-history":[{"count":1,"href":"https:\/\/pasaenmendoza.com\/index.php?rest_route=\/wp\/v2\/posts\/14867\/revisions"}],"predecessor-version":[{"id":14869,"href":"https:\/\/pasaenmendoza.com\/index.php?rest_route=\/wp\/v2\/posts\/14867\/revisions\/14869"}],"wp:featuredmedia":[{"embeddable":true,"href":"https:\/\/pasaenmendoza.com\/index.php?rest_route=\/wp\/v2\/media\/14868"}],"wp:attachment":[{"href":"https:\/\/pasaenmendoza.com\/index.php?rest_route=%2Fwp%2Fv2%2Fmedia&parent=14867"}],"wp:term":[{"taxonomy":"category","embeddable":true,"href":"https:\/\/pasaenmendoza.com\/index.php?rest_route=%2Fwp%2Fv2%2Fcategories&post=14867"},{"taxonomy":"post_tag","embeddable":true,"href":"https:\/\/pasaenmendoza.com\/index.php?rest_route=%2Fwp%2Fv2%2Ftags&post=14867"}],"curies":[{"name":"wp","href":"https:\/\/api.w.org\/{rel}","templated":true}]}}