{"id":1487,"date":"2023-09-15T14:19:58","date_gmt":"2023-09-15T12:19:58","guid":{"rendered":"https:\/\/pasaenmendoza.com\/?p=1487"},"modified":"2023-09-15T14:19:59","modified_gmt":"2023-09-15T12:19:59","slug":"inflacion-que-esperan-los-analistas-para-septiembre-y-como-podria-influir-en-las-elecciones","status":"publish","type":"post","link":"https:\/\/pasaenmendoza.com\/?p=1487","title":{"rendered":"Inflaci\u00f3n: qu\u00e9 esperan los analistas para septiembre y c\u00f3mo podr\u00eda influir en las elecciones"},"content":{"rendered":"\n<p>Tras conocerse el dato de\u00a0<strong>inflaci\u00f3n\u00a0<\/strong>del mes de agosto, el cual fue del 12,4% siendo el m\u00e1s alto de los \u00faltimos 32 a\u00f1os, los\u00a0<strong>analistas\u00a0<\/strong>esperan que en septiembre el panorama sea similar. Adem\u00e1s, plantearon su postura en cuanto el alcance y el impacto que pueda tener el flagelo en las\u00a0<strong>elecciones provinciales<\/strong>\u00a0de la semana pr\u00f3xima.<\/p>\n\n\n\n<p><strong>Nicol\u00e1s Aroma<\/strong>, director del Centro de Econom\u00eda y Finanzas Mendoza se\u00f1al\u00f3 que le dato de septiembre volver\u00e1 a ser alto,\u00a0<mark>ya que el efecto de la devaluaci\u00f3n no impact\u00f3 del todo en agosto.<\/mark><\/p>\n\n\n\n<p><em>\u201cEn septiembre van a persistir los efectos del arrastre de la devaluaci\u00f3n. Lo que me parece importante destacar que lo que se est\u00e1 viviendo en la econom\u00eda desmiente que es el precio del d\u00f3lar blue el que hace regir los precios, ya que qued\u00f3 demostrado que una depreciaci\u00f3n del tipo de cambio oficial afecta de manera inmediata y de gran manera en el IPC\u201d<\/em>, explic\u00f3 Aroma.<\/p>\n\n\n\n<p>En tanto, para el analista y economista\u00a0<strong>Sebasti\u00e1n Laza<\/strong>, no s\u00f3lo la cifra de septiembre ser\u00e1 alta, sino que la devaluaci\u00f3n \u201cseguir\u00e1 impactando en los pr\u00f3ximos meses\u201d.<\/p>\n\n\n\n<p><em>\u201cLa devaluaci\u00f3n que hubo despu\u00e9s de las PASO fue grande. Antes de agosto ven\u00eda siendo de entre el 6% y el 9%, y se pas\u00f3 al 22%. Es muy fuerte el efecto, se va trasladando de a poco, seguro que incide en septiembre y probablemente en agosto\u201d<\/em>, indic\u00f3 Laza.<\/p>\n\n\n\n<p><strong>El impacto de las medidas de Massa<\/strong><\/p>\n\n\n\n<p>Luego de la devaluaci\u00f3n, el ministro de Econom\u00eda y candidato a presidente por Uni\u00f3n por la Patria Sergio Massa\u00a0<mark>anunci\u00f3 una gran cantidad de medidas intentando paliar los efectos negativos de la inflaci\u00f3n.<\/mark><\/p>\n\n\n\n<p>Este mi\u00e9rcoles, minutos despu\u00e9s de que se conociera el dato del IPC, Massa confirm\u00f3 la devoluci\u00f3n del IVA en las compras de productos que integren la canasta b\u00e1sica para trabajadores que cobren menos de 700 mil pesos, y medidas de alivio para monotributistas, en tanto que a comienzos de semana, elev\u00f3 el m\u00ednimo no imponible del Impuesto a las Ganancias a m\u00e1s de 1,7 millones de pesos.<\/p>\n\n\n\n<p><strong>Paula Ariet<\/strong>, directora de Gesti\u00f3n Consultores, explic\u00f3 que las medidas,\u00a0<mark>si bien ayudan al bolsillo en el corto plazo, son generadoras de inflaci\u00f3n,\u00a0<\/mark>por lo que el alivio s\u00f3lo ser\u00e1 transitorio y muy breve:\u00a0<em>\u201cLas medidas inyectan dinero en el mercado, y esto, sin mejorar la producci\u00f3n va a generar irremediablemente m\u00e1s inflaci\u00f3n en el corto plazo\u201d<\/em>.<\/p>\n\n\n\n<p>En tanto, Laza se\u00f1al\u00f3 que las medidas son \u201cla nada misma\u201d y que las medidas de congelamientos de tarifas son s\u00f3lo un \u201cpa\u00f1ito de agua fr\u00eda\u201d, pero \u201cel golpe al salario es muy duro\u201d.<\/p>\n\n\n\n<p><strong>Inflaci\u00f3n y elecciones<\/strong><\/p>\n\n\n\n<p>El dato de inflaci\u00f3n se conoci\u00f3 a menos de diez d\u00edas de las elecciones provinciales, en el tablero pol\u00edtico se gener\u00f3 la duda si esto afectar\u00e1 la intenci\u00f3n de voto o el humor de los mendocinos.<\/p>\n\n\n\n<p>El analista<strong>\u00a0Elbio Rodr\u00edguez\u00a0<\/strong>se\u00f1al\u00f3 que el dato de inflaci\u00f3n \u201cno le cambia nada a la poblaci\u00f3n\u201d porque \u201cla sufre todos los d\u00edas\u201d.<\/p>\n\n\n\n<p><em>\u201cEntiendo que el dato de la inflaci\u00f3n no le cambia nada a la gente, la sufre todos los d\u00edas. En lo electoral, no creo que cambie la idea de qui\u00e9n le cae mejor como constructor de futuro para la provincia\u201d<\/em>, indic\u00f3 Rodr\u00edguez.<\/p>\n\n\n\n<p>En tanto, para\u00a0<strong>Stella Toledo<\/strong>\u00a0de Consultores Asociados,<mark>\u00a0la inflaci\u00f3n no es definitoria en una elecci\u00f3n<\/mark>, ya que seg\u00fan sus estudios, los sentimientos que m\u00e1s pesan en esta votaci\u00f3n son \u201cla apat\u00eda y la desesperanza\u201d.<\/p>\n\n\n\n<p><em>\u201cEs un hecho muy importante el impacto de lo econ\u00f3mico en los ciudadanos, pero no nos parece que sea definitorio para definir su intenci\u00f3n de voto, porque la apat\u00eda y la desesperanza son las sensaciones que priman\u201d<\/em>, explic\u00f3 Toledo.<\/p>\n\n\n\n<p>Finalmente,\u00a0<strong>Martha Realle<\/strong>\u00a0se\u00f1al\u00f3 que la \u201cinflaci\u00f3n ya est\u00e1 influyendo\u201d en las elecciones\u00a0<mark>y\u00a0es la generadora del mal humor de los votantes.<\/mark>\u00a0En tanto, explico que \u201cel m\u00e1s castigado por este flagelo es el peronismo, tanto a nivel local como provincial\u201d.<\/p>\n\n\n\n<p><em>\u201cEl peronismo puede que sea el mayor perjudicado por la inflaci\u00f3n aunque no est\u00e1 muy claro qui\u00e9n puede capitalizar esa bronca con quien se siente defraudado con la mala gesti\u00f3n peronista, aunque no est\u00e1 claro c\u00f3mo vaya a impactar en la elecci\u00f3n<\/em>\u201c, observ\u00f3 la consultora.<\/p>\n\n\n\n<p><strong>Fuente: www.elsol.com.ar<\/strong><\/p>\n","protected":false},"excerpt":{"rendered":"<p>Tras conocerse el dato de\u00a0inflaci\u00f3n\u00a0del mes de agosto, el cual fue del 12,4% siendo el m\u00e1s alto de los \u00faltimos 32 a\u00f1os, los\u00a0analistas\u00a0esperan que en septiembre el panorama sea similar. Adem\u00e1s, plantearon su postura en cuanto el alcance y el impacto que pueda tener el flagelo en las\u00a0elecciones provinciales\u00a0de la semana pr\u00f3xima. Nicol\u00e1s Aroma, director [&hellip;]<\/p>\n","protected":false},"author":2,"featured_media":1489,"comment_status":"open","ping_status":"open","sticky":false,"template":"","format":"standard","meta":[],"categories":[49],"tags":[],"_links":{"self":[{"href":"https:\/\/pasaenmendoza.com\/index.php?rest_route=\/wp\/v2\/posts\/1487"}],"collection":[{"href":"https:\/\/pasaenmendoza.com\/index.php?rest_route=\/wp\/v2\/posts"}],"about":[{"href":"https:\/\/pasaenmendoza.com\/index.php?rest_route=\/wp\/v2\/types\/post"}],"author":[{"embeddable":true,"href":"https:\/\/pasaenmendoza.com\/index.php?rest_route=\/wp\/v2\/users\/2"}],"replies":[{"embeddable":true,"href":"https:\/\/pasaenmendoza.com\/index.php?rest_route=%2Fwp%2Fv2%2Fcomments&post=1487"}],"version-history":[{"count":1,"href":"https:\/\/pasaenmendoza.com\/index.php?rest_route=\/wp\/v2\/posts\/1487\/revisions"}],"predecessor-version":[{"id":1490,"href":"https:\/\/pasaenmendoza.com\/index.php?rest_route=\/wp\/v2\/posts\/1487\/revisions\/1490"}],"wp:featuredmedia":[{"embeddable":true,"href":"https:\/\/pasaenmendoza.com\/index.php?rest_route=\/wp\/v2\/media\/1489"}],"wp:attachment":[{"href":"https:\/\/pasaenmendoza.com\/index.php?rest_route=%2Fwp%2Fv2%2Fmedia&parent=1487"}],"wp:term":[{"taxonomy":"category","embeddable":true,"href":"https:\/\/pasaenmendoza.com\/index.php?rest_route=%2Fwp%2Fv2%2Fcategories&post=1487"},{"taxonomy":"post_tag","embeddable":true,"href":"https:\/\/pasaenmendoza.com\/index.php?rest_route=%2Fwp%2Fv2%2Ftags&post=1487"}],"curies":[{"name":"wp","href":"https:\/\/api.w.org\/{rel}","templated":true}]}}