{"id":14873,"date":"2025-09-23T01:30:40","date_gmt":"2025-09-22T23:30:40","guid":{"rendered":"https:\/\/pasaenmendoza.com\/?p=14873"},"modified":"2025-09-23T01:30:41","modified_gmt":"2025-09-22T23:30:41","slug":"bromatologia-determino-que-la-carne-del-camion-volcado-en-el-acceso-este-ya-no-es-apta-para-consumo","status":"publish","type":"post","link":"https:\/\/pasaenmendoza.com\/?p=14873","title":{"rendered":"Bromatolog\u00eda determin\u00f3 que la carne del cami\u00f3n volcado en el Acceso Este ya no es apta para consumo"},"content":{"rendered":"\n<p>Luego del vuelco cami\u00f3n que transportaba\u00a0<strong>carne<\/strong>\u00a0en el<strong>\u00a0Acceso Este<\/strong>, a la altura de la bajada de Ca\u00f1adita Alegre, la\u00a0<strong>Polic\u00eda<\/strong>\u00a0secuestr\u00f3 toda la carga para someterla a an\u00e1lisis en el matadero de Corralitos. Los informes de Bromatolog\u00eda indicaron que la carne ya no es apta para consumo humano por lo que fue decomisada.<\/p>\n\n\n\n<p>Adem\u00e1s, la\u00a0<strong>Polic\u00eda Rural<\/strong>\u00a0auditar\u00e1 la documentaci\u00f3n del rodado para verificar si cumpl\u00eda con los protocolos de transporte y conservaci\u00f3n de alimentos.<\/p>\n\n\n\n<h2 class=\"wp-block-heading\">C\u00f3mo fue el accidente en el que un cami\u00f3n cay\u00f3 desde el Acceso Este<\/h2>\n\n\n\n<p>Este lunes al mediod\u00eda, un camionero que circulaba por el Acceso Este perdi\u00f3 el control del rodado tras ser impactado por una camioneta. Seg\u00fan las primeras informaciones, una camioneta Partner sufri\u00f3 un desperfecto en la rueda delantera derecha que se desprendi\u00f3 y, en la maniobra para controlar el veh\u00edculo, habr\u00eda alcanzado al cami\u00f3n por el lateral izquierdo.<\/p>\n\n\n\n<p>Ese impacto provoc\u00f3 que el chofer del cami\u00f3n perdiera el control y terminara volcando debajo del puente. Afortunadamente, en ese momento no hab\u00eda peatones ni ciclistas en la zona, lo que evit\u00f3 una tragedia mayor, destacaron autoridades municipales.<\/p>\n\n\n\n<p>El conductor del rodado mayor sufri\u00f3 politraumatismos, aunque su vida no corre peligro y fue atendido por m\u00e9dicos.<\/p>\n\n\n\n<p>Uno de los testigos del accidente cont\u00f3 que el chofer pudo salir del rodado luego de ser asistido por vecinos que pasaban por la zona y que les dijo que estaba bien, aunque hab\u00eda sufrido golpes en el pecho, las piernas y unos cortes en la cabeza.<\/p>\n\n\n\n<h2 class=\"wp-block-heading\">Operativo para evitar el saqueo<\/h2>\n\n\n\n<p>Minutos despu\u00e9s del vuelco, un grupo numeroso de personas se acerc\u00f3 al lugar para intentar llevarse parte de la carne que hab\u00eda quedado esparcida sobre el asfalto. Los efectivos policiales debieron permanecer varias horas durante la siesta para resguardar la mercader\u00eda y evitar que fuera sustra\u00edda.<\/p>\n\n\n\n<p>Ante los intentos -algunos de ellos violentos- de apoderarse de la carga, la Polic\u00eda utiliz\u00f3 balas de goma para dispersar a quienes pretend\u00edan llevarse la mercader\u00eda del accidente.<\/p>\n\n\n\n<p>El accidente y el operativo policial generaron una extensa fila vehicular en el Acceso Este, principalmente en la mano que va hacia el Este, que se extendi\u00f3 por varias horas y que lleg\u00f3 hasta el empalme con el Acceso Sur.<\/p>\n\n\n\n<p><strong>Fuente: www.diariouno.com.ar<\/strong><\/p>\n","protected":false},"excerpt":{"rendered":"<p>Luego del vuelco cami\u00f3n que transportaba\u00a0carne\u00a0en el\u00a0Acceso Este, a la altura de la bajada de Ca\u00f1adita Alegre, la\u00a0Polic\u00eda\u00a0secuestr\u00f3 toda la carga para someterla a an\u00e1lisis en el matadero de Corralitos. Los informes de Bromatolog\u00eda indicaron que la carne ya no es apta para consumo humano por lo que fue decomisada. Adem\u00e1s, la\u00a0Polic\u00eda Rural\u00a0auditar\u00e1 la documentaci\u00f3n [&hellip;]<\/p>\n","protected":false},"author":2,"featured_media":14874,"comment_status":"open","ping_status":"open","sticky":false,"template":"","format":"standard","meta":[],"categories":[50],"tags":[],"_links":{"self":[{"href":"https:\/\/pasaenmendoza.com\/index.php?rest_route=\/wp\/v2\/posts\/14873"}],"collection":[{"href":"https:\/\/pasaenmendoza.com\/index.php?rest_route=\/wp\/v2\/posts"}],"about":[{"href":"https:\/\/pasaenmendoza.com\/index.php?rest_route=\/wp\/v2\/types\/post"}],"author":[{"embeddable":true,"href":"https:\/\/pasaenmendoza.com\/index.php?rest_route=\/wp\/v2\/users\/2"}],"replies":[{"embeddable":true,"href":"https:\/\/pasaenmendoza.com\/index.php?rest_route=%2Fwp%2Fv2%2Fcomments&post=14873"}],"version-history":[{"count":1,"href":"https:\/\/pasaenmendoza.com\/index.php?rest_route=\/wp\/v2\/posts\/14873\/revisions"}],"predecessor-version":[{"id":14875,"href":"https:\/\/pasaenmendoza.com\/index.php?rest_route=\/wp\/v2\/posts\/14873\/revisions\/14875"}],"wp:featuredmedia":[{"embeddable":true,"href":"https:\/\/pasaenmendoza.com\/index.php?rest_route=\/wp\/v2\/media\/14874"}],"wp:attachment":[{"href":"https:\/\/pasaenmendoza.com\/index.php?rest_route=%2Fwp%2Fv2%2Fmedia&parent=14873"}],"wp:term":[{"taxonomy":"category","embeddable":true,"href":"https:\/\/pasaenmendoza.com\/index.php?rest_route=%2Fwp%2Fv2%2Fcategories&post=14873"},{"taxonomy":"post_tag","embeddable":true,"href":"https:\/\/pasaenmendoza.com\/index.php?rest_route=%2Fwp%2Fv2%2Ftags&post=14873"}],"curies":[{"name":"wp","href":"https:\/\/api.w.org\/{rel}","templated":true}]}}