{"id":14876,"date":"2025-09-23T01:33:45","date_gmt":"2025-09-22T23:33:45","guid":{"rendered":"https:\/\/pasaenmendoza.com\/?p=14876"},"modified":"2025-09-23T01:33:46","modified_gmt":"2025-09-22T23:33:46","slug":"luis-petri-es-el-segundo-mejor-ministro-nacional-revelo-una-encuesta-nacional","status":"publish","type":"post","link":"https:\/\/pasaenmendoza.com\/?p=14876","title":{"rendered":"Luis Petri es el segundo mejor ministro nacional, revel\u00f3 una encuesta nacional"},"content":{"rendered":"\n<p>En medio de una ca\u00edda generalizada de la imagen del gobierno nacional durante septiembre\u00a0<strong>Luis Petri<\/strong>\u00a0logr\u00f3 mantener su nivel de imagen positiva que lo deja como el segundo mejor integrante del gabinete de<strong>\u00a0Javier Milei.<\/strong><\/p>\n\n\n\n<p>As\u00ed lo reflej\u00f3 una encuesta de la consultora&nbsp;<strong>CB,&nbsp;<\/strong>dedicada a auscultar c\u00f3mo miden los dirigentes pol\u00edticos, tanto en el orden regional, como nacional e internacional.<\/p>\n\n\n\n<p>En el ranking de septiembre la mejor posici\u00f3n entre los ministros fue la de la titular de Seguridad,\u00a0<strong>Patricia Bullrich,\u00a0<\/strong>seguida por Petri.<\/p>\n\n\n\n<h2 class=\"wp-block-heading\">Luis Petri mantuvo su imagen<\/h2>\n\n\n\n<p><strong>Luis Petri,\u00a0<\/strong>que en las elecciones legislativas del 26 de octubre encabezar\u00e1 la lista de candidatos a diputados nacionales de La Libertad Avanza + Cambia Mendoza, tuvo la merma m\u00e1s moderada del equipo de Milei en un mes particularmente dif\u00edcil para el oficialismo, lo que se reflej\u00f3 en\u00a0la derrota de LLA en las elecciones de la Provincia de Buenos Aires.<\/p>\n\n\n\n<p>De acuerdo con CB, los tres ministros nacionales que en septiembre de 2025 lograron mayor imagen positiva entre los ciudadanos fueron:\u00a0<strong>Patricia Bullrich,<\/strong>\u00a0ministra de Seguridad, en primer lugar con 45,3%; seguida por\u00a0<strong>Luis Petri,<\/strong>\u00a0ministro de Defensa, con 43,7%; y en tercer lugar<strong>\u00a0Guillermo Francos,\u00a0<\/strong>jefe de Gabinete, con 42,3%.<\/p>\n\n\n\n<figure class=\"wp-block-image\"><img decoding=\"async\" src=\"https:\/\/media.diariouno.com.ar\/p\/47a2514f0262fefdeac31d381f355872\/adjuntos\/298\/imagenes\/009\/628\/0009628917\/1200x0\/smart\/encuesta-imagen-ministros.JPG\" alt=\"\" title=\"\"\/><\/figure>\n\n\n\n<p>En el otro extremo, los ministros con menor aprobaci\u00f3n a nivel nacional fueron:&nbsp;<strong>Mario Lugones,<\/strong>&nbsp;de Salud, en \u00faltimo lugar con 23,9%; seguido por<strong>&nbsp;Lisandro Catal\u00e1n,<\/strong>&nbsp;ministro del Interior, con 25,3%; y&nbsp;<strong>Gerardo Werthein<\/strong>, de Relaciones Exteriores, con 27,7%.<\/p>\n\n\n\n<p>En Argentina, todos los ministros registraron una ca\u00edda en su nivel de imagen positiva durante septiembre de 2025. El descenso m\u00e1s pronunciado fue el de&nbsp;<strong>Luis Caputo,&nbsp;<\/strong>ministro de Econom\u00eda, con una baja de 9,9%. En tanto, la merma m\u00e1s moderada correspondi\u00f3 a Luis Petri, ministro de Defensa, cuya imagen retrocedi\u00f3 s\u00f3lo 1,9%.<\/p>\n\n\n\n<figure class=\"wp-block-image\"><img decoding=\"async\" src=\"https:\/\/media.diariouno.com.ar\/p\/028d36daf420a720b3a88397987e5a1d\/adjuntos\/298\/imagenes\/009\/628\/0009628918\/1200x0\/smart\/encuesta-imagen-milei.JPG\" alt=\"\" title=\"\"\/><\/figure>\n\n\n\n<h2 class=\"wp-block-heading\">Javier Milei, el presidente que m\u00e1s imagen perdi\u00f3<\/h2>\n\n\n\n<p>Dentro de las variaciones registradas con respecto al mes anterior, quien m\u00e1s increment\u00f3 su imagen positiva fue<strong>&nbsp;Santiago Pe\u00f1a, presidente de Paraguay.&nbsp;<\/strong>En contraste, el mandatario que m\u00e1s cay\u00f3 en su nivel de aprobaci\u00f3n fue&nbsp;<strong>Javier Milei, de Argentina, c<\/strong>on una disminuci\u00f3n de 3,6%.<\/p>\n\n\n\n<p>Los tres presidentes mejor valorados en el mes de septiembre de 2025 por sus ciudadanos, siempre seg{un CB, fueron: en primer lugar,<strong>&nbsp;Yamand\u00fa Orsi de Uruguay&nbsp;<\/strong>con un 49% de imagen positiva; en segundo t\u00e9rmino<strong>, Luiz In\u00e1cio Lula&nbsp;<\/strong><strong>da Silva<\/strong>&nbsp;de Brasil con 47,5% y tercero,<strong>&nbsp;Daniel Noboa de Ecuador&nbsp;<\/strong>con 46,2% de aprobaci\u00f3n.<\/p>\n\n\n\n<p>En el otro extremo, los presidentes peor calificados de este mes fueron : en \u00faltimo lugar,\u00a0<strong>Dina Boluarte de Per\u00fa\u00a0<\/strong>con un 17,5% de imagen positiva; seguida por\u00a0<strong>Luis Arce de Bolivia<\/strong>\u00a0con un 18,2%; y en tercer lugar<strong>\u00a0Nicol\u00e1s Maduro de Venezuela\u00a0<\/strong>con 24,3% de aprobaci\u00f3n.<\/p>\n\n\n\n<p><strong>Fuente: www.diariouno.com.ar<\/strong><\/p>\n","protected":false},"excerpt":{"rendered":"<p>En medio de una ca\u00edda generalizada de la imagen del gobierno nacional durante septiembre\u00a0Luis Petri\u00a0logr\u00f3 mantener su nivel de imagen positiva que lo deja como el segundo mejor integrante del gabinete de\u00a0Javier Milei. As\u00ed lo reflej\u00f3 una encuesta de la consultora&nbsp;CB,&nbsp;dedicada a auscultar c\u00f3mo miden los dirigentes pol\u00edticos, tanto en el orden regional, como nacional [&hellip;]<\/p>\n","protected":false},"author":2,"featured_media":14877,"comment_status":"open","ping_status":"open","sticky":false,"template":"","format":"standard","meta":[],"categories":[47],"tags":[],"_links":{"self":[{"href":"https:\/\/pasaenmendoza.com\/index.php?rest_route=\/wp\/v2\/posts\/14876"}],"collection":[{"href":"https:\/\/pasaenmendoza.com\/index.php?rest_route=\/wp\/v2\/posts"}],"about":[{"href":"https:\/\/pasaenmendoza.com\/index.php?rest_route=\/wp\/v2\/types\/post"}],"author":[{"embeddable":true,"href":"https:\/\/pasaenmendoza.com\/index.php?rest_route=\/wp\/v2\/users\/2"}],"replies":[{"embeddable":true,"href":"https:\/\/pasaenmendoza.com\/index.php?rest_route=%2Fwp%2Fv2%2Fcomments&post=14876"}],"version-history":[{"count":1,"href":"https:\/\/pasaenmendoza.com\/index.php?rest_route=\/wp\/v2\/posts\/14876\/revisions"}],"predecessor-version":[{"id":14878,"href":"https:\/\/pasaenmendoza.com\/index.php?rest_route=\/wp\/v2\/posts\/14876\/revisions\/14878"}],"wp:featuredmedia":[{"embeddable":true,"href":"https:\/\/pasaenmendoza.com\/index.php?rest_route=\/wp\/v2\/media\/14877"}],"wp:attachment":[{"href":"https:\/\/pasaenmendoza.com\/index.php?rest_route=%2Fwp%2Fv2%2Fmedia&parent=14876"}],"wp:term":[{"taxonomy":"category","embeddable":true,"href":"https:\/\/pasaenmendoza.com\/index.php?rest_route=%2Fwp%2Fv2%2Fcategories&post=14876"},{"taxonomy":"post_tag","embeddable":true,"href":"https:\/\/pasaenmendoza.com\/index.php?rest_route=%2Fwp%2Fv2%2Ftags&post=14876"}],"curies":[{"name":"wp","href":"https:\/\/api.w.org\/{rel}","templated":true}]}}