{"id":14879,"date":"2025-09-23T15:25:38","date_gmt":"2025-09-23T13:25:38","guid":{"rendered":"https:\/\/pasaenmendoza.com\/?p=14879"},"modified":"2025-09-23T15:25:39","modified_gmt":"2025-09-23T13:25:39","slug":"el-tiempo-en-mendoza-para-este-martes-bueno-y-con-efecto-zonda","status":"publish","type":"post","link":"https:\/\/pasaenmendoza.com\/?p=14879","title":{"rendered":"El tiempo en Mendoza para este martes: bueno y con efecto Zonda"},"content":{"rendered":"\n<p>La temperatura m\u00e1xima para este martes ser\u00e1 de 24 grados cent\u00edgrados, en tanto que la m\u00ednima descender\u00e1 a los 7 grados cent\u00edgrados.<\/p>\n\n\n\n<p>El pron\u00f3stico de la Direcci\u00f3n de Contingencias Clim\u00e1ticas indica que habr\u00e1 \u201ctiempo bueno con ascenso de la temperatura, vientos leves a moderados del sector sur, heladas parciales. Poco nuboso en cordillera\u201d.<\/p>\n\n\n\n<p>Se espera viento Zonda muy d\u00e9bil en cordillera sur y cordillera norte, y en el Valle de Uspallata, entre las 14 y las 18.<\/p>\n\n\n\n<p>Respecto a la nubosidad, generalmente despejado en toda la provincia.<\/p>\n\n\n\n<p><strong>Fuente: www.elsol.com.ar<\/strong><\/p>\n","protected":false},"excerpt":{"rendered":"<p>La temperatura m\u00e1xima para este martes ser\u00e1 de 24 grados cent\u00edgrados, en tanto que la m\u00ednima descender\u00e1 a los 7 grados cent\u00edgrados. El pron\u00f3stico de la Direcci\u00f3n de Contingencias Clim\u00e1ticas indica que habr\u00e1 \u201ctiempo bueno con ascenso de la temperatura, vientos leves a moderados del sector sur, heladas parciales. Poco nuboso en cordillera\u201d. Se espera [&hellip;]<\/p>\n","protected":false},"author":2,"featured_media":14880,"comment_status":"open","ping_status":"open","sticky":false,"template":"","format":"standard","meta":[],"categories":[52],"tags":[],"_links":{"self":[{"href":"https:\/\/pasaenmendoza.com\/index.php?rest_route=\/wp\/v2\/posts\/14879"}],"collection":[{"href":"https:\/\/pasaenmendoza.com\/index.php?rest_route=\/wp\/v2\/posts"}],"about":[{"href":"https:\/\/pasaenmendoza.com\/index.php?rest_route=\/wp\/v2\/types\/post"}],"author":[{"embeddable":true,"href":"https:\/\/pasaenmendoza.com\/index.php?rest_route=\/wp\/v2\/users\/2"}],"replies":[{"embeddable":true,"href":"https:\/\/pasaenmendoza.com\/index.php?rest_route=%2Fwp%2Fv2%2Fcomments&post=14879"}],"version-history":[{"count":1,"href":"https:\/\/pasaenmendoza.com\/index.php?rest_route=\/wp\/v2\/posts\/14879\/revisions"}],"predecessor-version":[{"id":14881,"href":"https:\/\/pasaenmendoza.com\/index.php?rest_route=\/wp\/v2\/posts\/14879\/revisions\/14881"}],"wp:featuredmedia":[{"embeddable":true,"href":"https:\/\/pasaenmendoza.com\/index.php?rest_route=\/wp\/v2\/media\/14880"}],"wp:attachment":[{"href":"https:\/\/pasaenmendoza.com\/index.php?rest_route=%2Fwp%2Fv2%2Fmedia&parent=14879"}],"wp:term":[{"taxonomy":"category","embeddable":true,"href":"https:\/\/pasaenmendoza.com\/index.php?rest_route=%2Fwp%2Fv2%2Fcategories&post=14879"},{"taxonomy":"post_tag","embeddable":true,"href":"https:\/\/pasaenmendoza.com\/index.php?rest_route=%2Fwp%2Fv2%2Ftags&post=14879"}],"curies":[{"name":"wp","href":"https:\/\/api.w.org\/{rel}","templated":true}]}}