{"id":1488,"date":"2023-09-15T14:23:32","date_gmt":"2023-09-15T12:23:32","guid":{"rendered":"https:\/\/pasaenmendoza.com\/?p=1488"},"modified":"2023-09-15T14:23:32","modified_gmt":"2023-09-15T12:23:32","slug":"por-el-ataque-a-la-fiscal-claudia-rios-ya-son-8-los-penitenciarios-apartados-y-que-seran-imputados","status":"publish","type":"post","link":"https:\/\/pasaenmendoza.com\/?p=1488","title":{"rendered":"Por el ataque a la fiscal Claudia R\u00edos ya son 8 los penitenciarios apartados y que ser\u00e1n imputados"},"content":{"rendered":"\n<p>La investigaci\u00f3n\u00a0por el\u00a0<strong>ataque de un preso a la fiscal Claudia R\u00edos<\/strong>\u00a0ocurrido el mi\u00e9rcoles\u00a0avanza tanto en la Justicia como a nivel interno, desde el propio Servicio Penitenciario y desde la Inspecci\u00f3n General de Seguridad. Justamente el titular de este organismo,\u00a0<strong>Marcelo Puertas,<\/strong>\u00a0confirm\u00f3 este jueves que hasta ahora<strong>\u00a0los involucrados son 8 agentes<\/strong>\u00a0pero no descarta que se sumen otros e incluso que sean vinculados algunos jefes de \u00e1reas.<\/p>\n\n\n\n<p>Los 8 involucrados hasta el momento ser\u00e1n citados a declaraci\u00f3n indagatoria entre el lunes y el martes pr\u00f3ximo. Mientras tanto cobrar\u00e1n la mitad de sus salarios, al menos el porcentaje correspondiente a 15 d\u00edas, periodo que puede ser ampliado seg\u00fan lo que determine la investigaci\u00f3n.<\/p>\n\n\n\n<p>El inspector de Seguridad adelant\u00f3 que los penitenciarios<strong>\u00a0ser\u00e1n imputados, en principio, por incumplimiento de los deberes de funcionario p\u00fablico.<\/strong><\/p>\n\n\n\n<h2 class=\"wp-block-heading\">Ocho penitenciarios apartados por el ataque a la fiscal Claudia R\u00edos<\/h2>\n\n\n\n<p>Marcelo Puertas fue entrevistado en Radio Nihuil Por Pablo Gamba, Carina Scandura y Carlos Hern\u00e1ndez.<\/p>\n\n\n\n<p>Lo primero que explic\u00f3 fue que &#8220;hasta ahora son 8 los penitenciarios apartados. Entre lunes y martes ser\u00e1n citados a declaraci\u00f3n indagatoria y ellos podr\u00e1n prestar testimonio o no, seg\u00fan las estrategias que establezcan sus abogados defensores&#8221;.<\/p>\n\n\n\n<p>El inspector admiti\u00f3 adem\u00e1s que<strong>&nbsp;&#8220;puede haber m\u00e1s involucrados, entre ellos los responsables de la conducci\u00f3n de cada \u00e1rea, por falta de control&#8221;.<\/strong><\/p>\n\n\n\n<p><strong>Hemos pedido el pase a disponibilidad de esos 8 agentes. La imputaci\u00f3n que se les har\u00e1, en principio, ser\u00e1 por incumplimiento de deberes, relacionado esto con la custodia y traslado de personas privadas de la libertad. Pueden ser m\u00e1s de ocho<\/strong><\/p>\n\n\n\n<p>Puertas detall\u00f3 que &#8220;el preso que es trasladado debe ser requisado delante de unas c\u00e1maras y luego se lo sube a un m\u00f3vil de traslado. Precisamente el traslado es una secci\u00f3n particular de la penitenciar\u00eda que se encarga de eso, del traslado de internos entre penales o a las audiencias, como en este caso, al Polo Judicial&#8221;.<\/p>\n\n\n\n<p>El inspector fue consultado por las tres requisas que habitualmente se hacen el inspector y se permiti\u00f3 dudar:&nbsp;<strong>&#8220;Hay que ver si se hicieron requisas cuando llegaron a Estrada (Estaci\u00f3n Transitoria de Detenidos y Aprehendidos) y a su vez antes de ingresar a la sala de audiencias&#8221;.<\/strong><\/p>\n\n\n\n<p>Agreg\u00f3 que<strong>&nbsp;&#8220;los 8 vinculados hasta ahora son los que est\u00e1n en todo ese derrotero, desde Almafuerte hasta la sala&#8221;.<\/strong><\/p>\n\n\n\n<p>Sobre las requisas, el director del Servicio Penitenciario, Eduardo Orellana, admiti\u00f3 que hasta ahora s\u00f3lo se acredit\u00f3 una.<\/p>\n\n\n\n<p><strong>&#8220;En principio hay una culpabilidad grave. No deshecho que haya habido connivencia o algo planificado. No hay antecedentes cercanos -hubo en uno en 2001- de algo tan grave como el ataque a una representante del Ministerio P\u00fablico&#8221;,&nbsp;<\/strong>dijo tambi\u00e9n.<\/p>\n\n\n\n<p>Puertas se refiri\u00f3 asimismo a que &#8220;los penitenciarios presentes en la sala (eran 5 para custodiar a 3 presos) advirtieron al tribunal que era mejor no quitarles las esposas a los detenidos por la peligrosidad que mostraban y eso consta en acta. El juez no lo permiti\u00f3 porque entendi\u00f3 que se vulnerar\u00eda un principio constitucional&#8221;.<\/p>\n\n\n\n<p><strong>Fuente: www.diariouno.com.ar<\/strong><\/p>\n","protected":false},"excerpt":{"rendered":"<p>La investigaci\u00f3n\u00a0por el\u00a0ataque de un preso a la fiscal Claudia R\u00edos\u00a0ocurrido el mi\u00e9rcoles\u00a0avanza tanto en la Justicia como a nivel interno, desde el propio Servicio Penitenciario y desde la Inspecci\u00f3n General de Seguridad. Justamente el titular de este organismo,\u00a0Marcelo Puertas,\u00a0confirm\u00f3 este jueves que hasta ahora\u00a0los involucrados son 8 agentes\u00a0pero no descarta que se sumen otros [&hellip;]<\/p>\n","protected":false},"author":2,"featured_media":1491,"comment_status":"open","ping_status":"open","sticky":false,"template":"","format":"standard","meta":[],"categories":[48],"tags":[],"_links":{"self":[{"href":"https:\/\/pasaenmendoza.com\/index.php?rest_route=\/wp\/v2\/posts\/1488"}],"collection":[{"href":"https:\/\/pasaenmendoza.com\/index.php?rest_route=\/wp\/v2\/posts"}],"about":[{"href":"https:\/\/pasaenmendoza.com\/index.php?rest_route=\/wp\/v2\/types\/post"}],"author":[{"embeddable":true,"href":"https:\/\/pasaenmendoza.com\/index.php?rest_route=\/wp\/v2\/users\/2"}],"replies":[{"embeddable":true,"href":"https:\/\/pasaenmendoza.com\/index.php?rest_route=%2Fwp%2Fv2%2Fcomments&post=1488"}],"version-history":[{"count":1,"href":"https:\/\/pasaenmendoza.com\/index.php?rest_route=\/wp\/v2\/posts\/1488\/revisions"}],"predecessor-version":[{"id":1492,"href":"https:\/\/pasaenmendoza.com\/index.php?rest_route=\/wp\/v2\/posts\/1488\/revisions\/1492"}],"wp:featuredmedia":[{"embeddable":true,"href":"https:\/\/pasaenmendoza.com\/index.php?rest_route=\/wp\/v2\/media\/1491"}],"wp:attachment":[{"href":"https:\/\/pasaenmendoza.com\/index.php?rest_route=%2Fwp%2Fv2%2Fmedia&parent=1488"}],"wp:term":[{"taxonomy":"category","embeddable":true,"href":"https:\/\/pasaenmendoza.com\/index.php?rest_route=%2Fwp%2Fv2%2Fcategories&post=1488"},{"taxonomy":"post_tag","embeddable":true,"href":"https:\/\/pasaenmendoza.com\/index.php?rest_route=%2Fwp%2Fv2%2Ftags&post=1488"}],"curies":[{"name":"wp","href":"https:\/\/api.w.org\/{rel}","templated":true}]}}