{"id":14882,"date":"2025-09-23T15:35:48","date_gmt":"2025-09-23T13:35:48","guid":{"rendered":"https:\/\/pasaenmendoza.com\/?p=14882"},"modified":"2025-09-23T15:35:49","modified_gmt":"2025-09-23T13:35:49","slug":"un-camion-de-la-basura-choco-y-volco-en-la-costanera","status":"publish","type":"post","link":"https:\/\/pasaenmendoza.com\/?p=14882","title":{"rendered":"Un cami\u00f3n de la basura choc\u00f3 y volc\u00f3 en la Costanera"},"content":{"rendered":"\n<p>Un cami\u00f3n recolector de basura volc\u00f3 durante la madrugada de este martes en la Costanera, luego de haber chocado contra una camioneta en el sector de Guaymall\u00e9n.<\/p>\n\n\n\n<p>El accidente se produjo alrededor de las 2:30, cuando la unidad en la que iban tres personas y que hac\u00eda el servicio para la Municipalidad de Capital recorr\u00eda esa autopista para llevar los residuos de esa noche a El Borboll\u00f3n, Las Heras.<\/p>\n\n\n\n<p>A la altura con Saavedra, el transporte fue chocado por una camioneta que iba por Saavedra. La reconstrucci\u00f3n policial a trav\u00e9s de las c\u00e1maras de video en esa zona permitieron determinar que la camioneta pas\u00f3 en rojo.<\/p>\n\n\n\n<p>Debido al impacto, el cami\u00f3n fue contra la vereda. Pero primero embisti\u00f3 a una luminaria y posteriormente derrib\u00f3 a un \u00e1rbol.<\/p>\n\n\n\n<p>Finalmente, qued\u00f3 volcado, con parte sobre la acequia y la vereda.<\/p>\n\n\n\n<p>Ese sector de la Costanera qued\u00f3 a oscuras por el accidente.<\/p>\n\n\n\n<p>Dos de sus ocupantes fueron derivados a la Cl\u00ednica Francesa. El conductor y otro trabajador, con el diagn\u00f3stico de politraumatismos leves, mientras que una tercera v\u00edctima por politraumatismo moderado en miembro inferior derecho.<\/p>\n\n\n\n<p>A su vez, el conductor de la camioneta fue trasladado al Hospital Central, tambi\u00e9n por politraumatismos.<\/p>\n\n\n\n<p><strong>Fuente: www.elsol.com.ar<\/strong><\/p>\n","protected":false},"excerpt":{"rendered":"<p>Un cami\u00f3n recolector de basura volc\u00f3 durante la madrugada de este martes en la Costanera, luego de haber chocado contra una camioneta en el sector de Guaymall\u00e9n. El accidente se produjo alrededor de las 2:30, cuando la unidad en la que iban tres personas y que hac\u00eda el servicio para la Municipalidad de Capital recorr\u00eda [&hellip;]<\/p>\n","protected":false},"author":2,"featured_media":14883,"comment_status":"open","ping_status":"open","sticky":false,"template":"","format":"standard","meta":[],"categories":[48],"tags":[],"_links":{"self":[{"href":"https:\/\/pasaenmendoza.com\/index.php?rest_route=\/wp\/v2\/posts\/14882"}],"collection":[{"href":"https:\/\/pasaenmendoza.com\/index.php?rest_route=\/wp\/v2\/posts"}],"about":[{"href":"https:\/\/pasaenmendoza.com\/index.php?rest_route=\/wp\/v2\/types\/post"}],"author":[{"embeddable":true,"href":"https:\/\/pasaenmendoza.com\/index.php?rest_route=\/wp\/v2\/users\/2"}],"replies":[{"embeddable":true,"href":"https:\/\/pasaenmendoza.com\/index.php?rest_route=%2Fwp%2Fv2%2Fcomments&post=14882"}],"version-history":[{"count":1,"href":"https:\/\/pasaenmendoza.com\/index.php?rest_route=\/wp\/v2\/posts\/14882\/revisions"}],"predecessor-version":[{"id":14884,"href":"https:\/\/pasaenmendoza.com\/index.php?rest_route=\/wp\/v2\/posts\/14882\/revisions\/14884"}],"wp:featuredmedia":[{"embeddable":true,"href":"https:\/\/pasaenmendoza.com\/index.php?rest_route=\/wp\/v2\/media\/14883"}],"wp:attachment":[{"href":"https:\/\/pasaenmendoza.com\/index.php?rest_route=%2Fwp%2Fv2%2Fmedia&parent=14882"}],"wp:term":[{"taxonomy":"category","embeddable":true,"href":"https:\/\/pasaenmendoza.com\/index.php?rest_route=%2Fwp%2Fv2%2Fcategories&post=14882"},{"taxonomy":"post_tag","embeddable":true,"href":"https:\/\/pasaenmendoza.com\/index.php?rest_route=%2Fwp%2Fv2%2Ftags&post=14882"}],"curies":[{"name":"wp","href":"https:\/\/api.w.org\/{rel}","templated":true}]}}