{"id":14885,"date":"2025-09-23T15:51:57","date_gmt":"2025-09-23T13:51:57","guid":{"rendered":"https:\/\/pasaenmendoza.com\/?p=14885"},"modified":"2025-09-23T15:51:58","modified_gmt":"2025-09-23T13:51:58","slug":"echaron-a-un-policia-que-pidio-licencia-y-no-volvio-mas","status":"publish","type":"post","link":"https:\/\/pasaenmendoza.com\/?p=14885","title":{"rendered":"Echaron a un polic\u00eda que pidi\u00f3 licencia y no volvi\u00f3 m\u00e1s"},"content":{"rendered":"\n<p>El Gobierno de Mendoza resolvi\u00f3 la cesant\u00eda del auxiliar policial\u00a0<strong>Marcelo Salas<\/strong>, quien fue separado de la fuerza por abandono de servicio. La medida fue dispuesta por la ministra de Seguridad y Justicia, Mar\u00eda Mercedes Rus, tras un sumario administrativo que prob\u00f3 faltas graves al r\u00e9gimen disciplinario policial.<\/p>\n\n\n\n<p>Seg\u00fan consta en el expediente, Salas hab\u00eda solicitado una licencia sin goce de haberes entre julio de 2023 y junio de 2024, con la obligaci\u00f3n de reincorporarse al t\u00e9rmino de ese per\u00edodo. Sin embargo, nunca se present\u00f3 nuevamente en su lugar de trabajo ni en el Ministerio de Seguridad. Ante su ausencia, la Comisar\u00eda 23\u00b0 de Uspallata realiz\u00f3 averiguaciones en el domicilio registrado, pero no pudo dar con su paradero.<\/p>\n\n\n\n<p>Tras constatarse la incomparecencia y la imposibilidad de ubicarlo, la Inspecci\u00f3n General de Seguridad instruy\u00f3 un sumario que concluy\u00f3 que el efectivo incurri\u00f3 en abandono voluntario y malicioso de servicio. La Junta de Disciplina y la asesor\u00eda legal del ministerio coincidieron en que la falta estaba debidamente acreditada.<\/p>\n\n\n\n<p>La sanci\u00f3n implica la&nbsp;<strong>expulsi\u00f3n definitiva de la fuerza policial<\/strong>, al encuadrarse su conducta en el art\u00edculo 100 de la Ley 6722, que sanciona el abandono injustificado del servicio de seguridad. Adem\u00e1s, se orden\u00f3 revisar si percibi\u00f3 haberes de manera indebida durante el per\u00edodo en el que ya no cumpl\u00eda funciones, y en caso de corresponder, iniciar los tr\u00e1mites para su restituci\u00f3n.<\/p>\n\n\n\n<p>El ex auxiliar, notificado por publicaci\u00f3n en el Bolet\u00edn Oficial, tiene un plazo legal de quince d\u00edas h\u00e1biles para interponer los recursos administrativos que crea convenientes, aunque la sanci\u00f3n ya qued\u00f3 firme en sede ministerial\u00a0<\/p>\n\n\n\n<p><strong>Fuente: www.mendozapost.com<\/strong><\/p>\n","protected":false},"excerpt":{"rendered":"<p>El Gobierno de Mendoza resolvi\u00f3 la cesant\u00eda del auxiliar policial\u00a0Marcelo Salas, quien fue separado de la fuerza por abandono de servicio. La medida fue dispuesta por la ministra de Seguridad y Justicia, Mar\u00eda Mercedes Rus, tras un sumario administrativo que prob\u00f3 faltas graves al r\u00e9gimen disciplinario policial. Seg\u00fan consta en el expediente, Salas hab\u00eda solicitado [&hellip;]<\/p>\n","protected":false},"author":2,"featured_media":14886,"comment_status":"open","ping_status":"open","sticky":false,"template":"","format":"standard","meta":[],"categories":[50],"tags":[],"_links":{"self":[{"href":"https:\/\/pasaenmendoza.com\/index.php?rest_route=\/wp\/v2\/posts\/14885"}],"collection":[{"href":"https:\/\/pasaenmendoza.com\/index.php?rest_route=\/wp\/v2\/posts"}],"about":[{"href":"https:\/\/pasaenmendoza.com\/index.php?rest_route=\/wp\/v2\/types\/post"}],"author":[{"embeddable":true,"href":"https:\/\/pasaenmendoza.com\/index.php?rest_route=\/wp\/v2\/users\/2"}],"replies":[{"embeddable":true,"href":"https:\/\/pasaenmendoza.com\/index.php?rest_route=%2Fwp%2Fv2%2Fcomments&post=14885"}],"version-history":[{"count":1,"href":"https:\/\/pasaenmendoza.com\/index.php?rest_route=\/wp\/v2\/posts\/14885\/revisions"}],"predecessor-version":[{"id":14887,"href":"https:\/\/pasaenmendoza.com\/index.php?rest_route=\/wp\/v2\/posts\/14885\/revisions\/14887"}],"wp:featuredmedia":[{"embeddable":true,"href":"https:\/\/pasaenmendoza.com\/index.php?rest_route=\/wp\/v2\/media\/14886"}],"wp:attachment":[{"href":"https:\/\/pasaenmendoza.com\/index.php?rest_route=%2Fwp%2Fv2%2Fmedia&parent=14885"}],"wp:term":[{"taxonomy":"category","embeddable":true,"href":"https:\/\/pasaenmendoza.com\/index.php?rest_route=%2Fwp%2Fv2%2Fcategories&post=14885"},{"taxonomy":"post_tag","embeddable":true,"href":"https:\/\/pasaenmendoza.com\/index.php?rest_route=%2Fwp%2Fv2%2Ftags&post=14885"}],"curies":[{"name":"wp","href":"https:\/\/api.w.org\/{rel}","templated":true}]}}