{"id":14888,"date":"2025-09-23T15:56:16","date_gmt":"2025-09-23T13:56:16","guid":{"rendered":"https:\/\/pasaenmendoza.com\/?p=14888"},"modified":"2025-09-23T15:56:17","modified_gmt":"2025-09-23T13:56:17","slug":"cuanto-vale-y-cuanta-carne-perdio-el-camion-que-volco-en-el-acceso-este","status":"publish","type":"post","link":"https:\/\/pasaenmendoza.com\/?p=14888","title":{"rendered":"Cu\u00e1nto vale y cu\u00e1nta carne perdi\u00f3 el cami\u00f3n que volc\u00f3 en el Acceso Este"},"content":{"rendered":"\n<p>Este lunes en Guaymall\u00e9n un\u00a0<strong>cami\u00f3n\u00a0con semirremolque<\/strong>\u00a0volc\u00f3\u00a0 sobre la calzada luego de chocar contra un utilitario que pinch\u00f3 una rueda, sobre\u00a0<strong>Acceso Este y Ca\u00f1adita Alegre<\/strong>. El veh\u00edculo transportaba\u00a0<strong>carne<\/strong>, la cual qued\u00f3 desparramada sobre el asfalto y se gener\u00f3 un caos en la zona.<\/p>\n\n\n\n<p><strong>La gente fue hasta ese lugar para llevarse un pedazo a sus casas<\/strong>. La polic\u00eda tuvo que poner vallas y custodiar para que no se produzca incidentes. Sin embargo, con el correr de los minutos el ambiente se volvi\u00f3 tenso y los efectivos dispararon con balas de goma y tiraron gases lacrim\u00f3genos para contener la situaci\u00f3n. El clima se torn\u00f3 pesado y medios de todo el pa\u00eds le dieron cobertura al hecho: las im\u00e1genes mostraban una postal entre el hambre y el oportunismo.<\/p>\n\n\n\n<p>Respecto a la mercader\u00eda, era procedente de Jun\u00edn de Buenos Aires e iba hacia la zona Este de Mendoza. El\u00a0<strong>secretario de la C\u00e1mara de Abastecedores de Carne de Mendoza, Edgardo Fretes,\u00a0<\/strong>precis\u00f3 al\u00a0<strong><em>Post<\/em><\/strong>\u00a0que estima que el cami\u00f3n llevaba unos\u00a0<strong>3 mil kilos\u00a0<\/strong>y por el tipo de mercader\u00eda vacuna, esta tiene un valor entre 5 mil y 6 mil pesos el kilo. Es decir, la perdida rondar\u00eda los<strong>\u00a015 millones y medio de pesos.\u00a0<\/strong><\/p>\n\n\n\n<p>No obstante, los frigor\u00edficos trabajan con seguros para solventar este tipo de situaciones imponderables, por lo tanto la p\u00f3liza se har\u00eda cargo de la p\u00e9rdida. En cu\u00e1nto al estado del camionero, se encuentra bien de salud y fuera de peligro.<\/p>\n\n\n\n<p>Respecto al incidente, las autoridades resolvieron cargar la carne en otro cami\u00f3n y llevarla a un trozadero en Corralitos. No era posible entregarla a la gente porque personal de<strong>\u00a0Bromatolog\u00eda determin\u00f3 que ya no se encontraba en condiciones de ser consumida por personas,<\/strong>\u00a0debido a la p\u00e9rdida de la cadena de fr\u00edo y a la exposici\u00f3n a fuentes de contaminaci\u00f3n. Mientras tanto, secuestraron documentaci\u00f3n para chequear que cumpl\u00eda con las normas sanitarias y ser\u00e1 auditada en los pr\u00f3ximos d\u00edas.<\/p>\n\n\n\n<p><strong>Fuente: www.mendozapost.com<\/strong><\/p>\n","protected":false},"excerpt":{"rendered":"<p>Este lunes en Guaymall\u00e9n un\u00a0cami\u00f3n\u00a0con semirremolque\u00a0volc\u00f3\u00a0 sobre la calzada luego de chocar contra un utilitario que pinch\u00f3 una rueda, sobre\u00a0Acceso Este y Ca\u00f1adita Alegre. El veh\u00edculo transportaba\u00a0carne, la cual qued\u00f3 desparramada sobre el asfalto y se gener\u00f3 un caos en la zona. La gente fue hasta ese lugar para llevarse un pedazo a sus casas. [&hellip;]<\/p>\n","protected":false},"author":2,"featured_media":14889,"comment_status":"open","ping_status":"open","sticky":false,"template":"","format":"standard","meta":[],"categories":[48],"tags":[],"_links":{"self":[{"href":"https:\/\/pasaenmendoza.com\/index.php?rest_route=\/wp\/v2\/posts\/14888"}],"collection":[{"href":"https:\/\/pasaenmendoza.com\/index.php?rest_route=\/wp\/v2\/posts"}],"about":[{"href":"https:\/\/pasaenmendoza.com\/index.php?rest_route=\/wp\/v2\/types\/post"}],"author":[{"embeddable":true,"href":"https:\/\/pasaenmendoza.com\/index.php?rest_route=\/wp\/v2\/users\/2"}],"replies":[{"embeddable":true,"href":"https:\/\/pasaenmendoza.com\/index.php?rest_route=%2Fwp%2Fv2%2Fcomments&post=14888"}],"version-history":[{"count":1,"href":"https:\/\/pasaenmendoza.com\/index.php?rest_route=\/wp\/v2\/posts\/14888\/revisions"}],"predecessor-version":[{"id":14890,"href":"https:\/\/pasaenmendoza.com\/index.php?rest_route=\/wp\/v2\/posts\/14888\/revisions\/14890"}],"wp:featuredmedia":[{"embeddable":true,"href":"https:\/\/pasaenmendoza.com\/index.php?rest_route=\/wp\/v2\/media\/14889"}],"wp:attachment":[{"href":"https:\/\/pasaenmendoza.com\/index.php?rest_route=%2Fwp%2Fv2%2Fmedia&parent=14888"}],"wp:term":[{"taxonomy":"category","embeddable":true,"href":"https:\/\/pasaenmendoza.com\/index.php?rest_route=%2Fwp%2Fv2%2Fcategories&post=14888"},{"taxonomy":"post_tag","embeddable":true,"href":"https:\/\/pasaenmendoza.com\/index.php?rest_route=%2Fwp%2Fv2%2Ftags&post=14888"}],"curies":[{"name":"wp","href":"https:\/\/api.w.org\/{rel}","templated":true}]}}