{"id":14897,"date":"2025-09-23T22:59:46","date_gmt":"2025-09-23T20:59:46","guid":{"rendered":"https:\/\/pasaenmendoza.com\/?p=14897"},"modified":"2025-09-23T22:59:49","modified_gmt":"2025-09-23T20:59:49","slug":"jardines-infantiles-de-mendoza-renuevan-patios-y-espacios-recreativos-con-materiales-reciclados","status":"publish","type":"post","link":"https:\/\/pasaenmendoza.com\/?p=14897","title":{"rendered":"Jardines infantiles de Mendoza renuevan patios y espacios recreativos con materiales reciclados"},"content":{"rendered":"\n<p>El\u00a0<strong>Gobierno de Mendoza,\u00a0<\/strong>a trav\u00e9s de la Subsecretar\u00eda de\u00a0Infraestructura Escolar\u00a0y en coordinaci\u00f3n con la Direcci\u00f3n de Educaci\u00f3n Inicial,\u00a0<strong>avanza con un plan de puesta en valor de espacios recreativos en\u00a0jardines\u00a0de la provincia, que incluye la instalaci\u00f3n de pisos de caucho reciclado y juegos dise\u00f1ados con criterios de seguridad e inclusi\u00f3n.<\/strong><\/p>\n\n\n\n<p>En el Jard\u00edn Maternal y Centro de Apoyo Educativo JCM414 \u201cMundo de Exploradores\u201d, ubicado en el barrio Sol y Sierra de Godoy Cruz, se instal\u00f3 un nuevo piso de 65 m\u00b2 de baldosas de caucho reciclado, producido a partir de 390 neum\u00e1ticos fuera de uso. El dise\u00f1o combina colores vibrantes y tecnolog\u00eda de impresi\u00f3n avanzada, lo que genera un entorno l\u00fadico y estimulante para los ni\u00f1os.<\/p>\n\n\n\n<p>La intervenci\u00f3n tambi\u00e9n incorpor\u00f3 un mangrullo con materiales pl\u00e1sticos que minimizan riesgos de lesiones y una calesita con capacidad para seis ni\u00f1os, lo que garantiza un espacio de recreaci\u00f3n seguro, accesible e inclusivo.<\/p>\n\n\n\n<p>\u201cEste tipo de acciones no solo mejoran la infraestructura y la seguridad de los espacios recreativos, sino que adem\u00e1s transmiten a los m\u00e1s chicos un mensaje de cuidado del ambiente y de valorizaci\u00f3n de los residuos\u201d, destacaron desde el \u00e1rea de Infraestructura Escolar.<\/p>\n\n\n\n<p>Un plan que alcanza a jardines de toda la provincia La estrategia de incorporar pisos reciclados y juegos inclusivos ya se extendi\u00f3 a una decena de instituciones en distintos departamentos, entre ellos:<\/p>\n\n\n\n<p>\uf0b7 CDIyF 1 \u201cGaspar\u00edn\u201d, Capital<br>\uf0b7 CEPI \u201cDuendel\u00edn\u201d, Capital<br>\uf0b7 CEPI \u201cMi Angelito\u201d, Godoy Cruz<br>\uf0b7 CEPI \u201cMundo de Exploradores\u201d, Godoy Cruz<br>\uf0b7 CEPI \u201cOsitos Mimosos\u201d, Las Heras<br>\uf0b7 CEPI \u201cMi Manzanita\u201d, Las Heras<br>\uf0b7 CDIyF 9 \u201cLucecitas\u201d, Luj\u00e1n de Cuyo<br>\uf0b7 CEPI \u201cCaminitos de Colores\u201d, Luj\u00e1n de Cuyo<br>\uf0b7 CEPI \u201cEl Rinconcito de la Virgen\u201d, Guaymall\u00e9n<br>\uf0b7 CDIyF 30 \u201cRayito de Sol\u201d, Maip\u00fa<\/p>\n\n\n\n<p>En total, estas intervenciones benefician a cientos de ni\u00f1os y ni\u00f1as que asisten diariamente a salas maternales, jardines de infantes y centros de apoyo educativo, fortaleciendo la infraestructura y promoviendo el derecho a jugar en espacios seguros.<\/p>\n\n\n\n<p><strong>Fuente: www.diariomendoza.com.ar<\/strong><\/p>\n","protected":false},"excerpt":{"rendered":"<p>El\u00a0Gobierno de Mendoza,\u00a0a trav\u00e9s de la Subsecretar\u00eda de\u00a0Infraestructura Escolar\u00a0y en coordinaci\u00f3n con la Direcci\u00f3n de Educaci\u00f3n Inicial,\u00a0avanza con un plan de puesta en valor de espacios recreativos en\u00a0jardines\u00a0de la provincia, que incluye la instalaci\u00f3n de pisos de caucho reciclado y juegos dise\u00f1ados con criterios de seguridad e inclusi\u00f3n. En el Jard\u00edn Maternal y Centro de [&hellip;]<\/p>\n","protected":false},"author":2,"featured_media":14898,"comment_status":"open","ping_status":"open","sticky":false,"template":"","format":"standard","meta":[],"categories":[50],"tags":[],"_links":{"self":[{"href":"https:\/\/pasaenmendoza.com\/index.php?rest_route=\/wp\/v2\/posts\/14897"}],"collection":[{"href":"https:\/\/pasaenmendoza.com\/index.php?rest_route=\/wp\/v2\/posts"}],"about":[{"href":"https:\/\/pasaenmendoza.com\/index.php?rest_route=\/wp\/v2\/types\/post"}],"author":[{"embeddable":true,"href":"https:\/\/pasaenmendoza.com\/index.php?rest_route=\/wp\/v2\/users\/2"}],"replies":[{"embeddable":true,"href":"https:\/\/pasaenmendoza.com\/index.php?rest_route=%2Fwp%2Fv2%2Fcomments&post=14897"}],"version-history":[{"count":1,"href":"https:\/\/pasaenmendoza.com\/index.php?rest_route=\/wp\/v2\/posts\/14897\/revisions"}],"predecessor-version":[{"id":14899,"href":"https:\/\/pasaenmendoza.com\/index.php?rest_route=\/wp\/v2\/posts\/14897\/revisions\/14899"}],"wp:featuredmedia":[{"embeddable":true,"href":"https:\/\/pasaenmendoza.com\/index.php?rest_route=\/wp\/v2\/media\/14898"}],"wp:attachment":[{"href":"https:\/\/pasaenmendoza.com\/index.php?rest_route=%2Fwp%2Fv2%2Fmedia&parent=14897"}],"wp:term":[{"taxonomy":"category","embeddable":true,"href":"https:\/\/pasaenmendoza.com\/index.php?rest_route=%2Fwp%2Fv2%2Fcategories&post=14897"},{"taxonomy":"post_tag","embeddable":true,"href":"https:\/\/pasaenmendoza.com\/index.php?rest_route=%2Fwp%2Fv2%2Ftags&post=14897"}],"curies":[{"name":"wp","href":"https:\/\/api.w.org\/{rel}","templated":true}]}}