{"id":14903,"date":"2025-09-24T15:01:12","date_gmt":"2025-09-24T13:01:12","guid":{"rendered":"https:\/\/pasaenmendoza.com\/?p=14903"},"modified":"2025-09-24T15:01:13","modified_gmt":"2025-09-24T13:01:13","slug":"el-tiempo-en-mendoza-para-este-miercoles-bueno-con-leve-ascenso-de-la-temperatura","status":"publish","type":"post","link":"https:\/\/pasaenmendoza.com\/?p=14903","title":{"rendered":"El tiempo en Mendoza para este mi\u00e9rcoles: bueno, con leve ascenso de la temperatura"},"content":{"rendered":"\n<p>La temperatura m\u00e1xima para este mi\u00e9rcoles ser\u00e1 de 23 grados cent\u00edgrados, en tanto que la m\u00ednima estar\u00e1 en los 9 grados cent\u00edgrados.<\/p>\n\n\n\n<p>Se espera \u201ctiempo bueno con ascenso de la temperatura, vientos leves a moderados del noreste\u201d, seg\u00fan el pron\u00f3stico de la Direcci\u00f3n de Contingencias Clim\u00e1ticas.<\/p>\n\n\n\n<p>Est\u00e1 pronosticado circulaci\u00f3n de viento norte a sur desde el mediod\u00eda. Empezar\u00e1 en la zona Este y se extender\u00e1 hacia el Sur.<\/p>\n\n\n\n<p>En La Paz, se esperan velocidades de 40 kil\u00f3metros por hora durante la tarde.<\/p>\n\n\n\n<p>El tiempo en alta monta\u00f1a: \u201cPoco nuboso en cordillera\u201d.<\/p>\n\n\n\n<p><strong>Fuente: www.elsol.com.ar<\/strong><\/p>\n","protected":false},"excerpt":{"rendered":"<p>La temperatura m\u00e1xima para este mi\u00e9rcoles ser\u00e1 de 23 grados cent\u00edgrados, en tanto que la m\u00ednima estar\u00e1 en los 9 grados cent\u00edgrados. Se espera \u201ctiempo bueno con ascenso de la temperatura, vientos leves a moderados del noreste\u201d, seg\u00fan el pron\u00f3stico de la Direcci\u00f3n de Contingencias Clim\u00e1ticas. Est\u00e1 pronosticado circulaci\u00f3n de viento norte a sur desde [&hellip;]<\/p>\n","protected":false},"author":2,"featured_media":14904,"comment_status":"open","ping_status":"open","sticky":false,"template":"","format":"standard","meta":[],"categories":[52],"tags":[],"_links":{"self":[{"href":"https:\/\/pasaenmendoza.com\/index.php?rest_route=\/wp\/v2\/posts\/14903"}],"collection":[{"href":"https:\/\/pasaenmendoza.com\/index.php?rest_route=\/wp\/v2\/posts"}],"about":[{"href":"https:\/\/pasaenmendoza.com\/index.php?rest_route=\/wp\/v2\/types\/post"}],"author":[{"embeddable":true,"href":"https:\/\/pasaenmendoza.com\/index.php?rest_route=\/wp\/v2\/users\/2"}],"replies":[{"embeddable":true,"href":"https:\/\/pasaenmendoza.com\/index.php?rest_route=%2Fwp%2Fv2%2Fcomments&post=14903"}],"version-history":[{"count":1,"href":"https:\/\/pasaenmendoza.com\/index.php?rest_route=\/wp\/v2\/posts\/14903\/revisions"}],"predecessor-version":[{"id":14905,"href":"https:\/\/pasaenmendoza.com\/index.php?rest_route=\/wp\/v2\/posts\/14903\/revisions\/14905"}],"wp:featuredmedia":[{"embeddable":true,"href":"https:\/\/pasaenmendoza.com\/index.php?rest_route=\/wp\/v2\/media\/14904"}],"wp:attachment":[{"href":"https:\/\/pasaenmendoza.com\/index.php?rest_route=%2Fwp%2Fv2%2Fmedia&parent=14903"}],"wp:term":[{"taxonomy":"category","embeddable":true,"href":"https:\/\/pasaenmendoza.com\/index.php?rest_route=%2Fwp%2Fv2%2Fcategories&post=14903"},{"taxonomy":"post_tag","embeddable":true,"href":"https:\/\/pasaenmendoza.com\/index.php?rest_route=%2Fwp%2Fv2%2Ftags&post=14903"}],"curies":[{"name":"wp","href":"https:\/\/api.w.org\/{rel}","templated":true}]}}