{"id":14909,"date":"2025-09-24T15:25:13","date_gmt":"2025-09-24T13:25:13","guid":{"rendered":"https:\/\/pasaenmendoza.com\/?p=14909"},"modified":"2025-09-24T15:25:14","modified_gmt":"2025-09-24T13:25:14","slug":"mendoza-moderniza-el-regimen-de-iniciativa-privada-para-impulsar-obras","status":"publish","type":"post","link":"https:\/\/pasaenmendoza.com\/?p=14909","title":{"rendered":"Mendoza moderniza el r\u00e9gimen de Iniciativa Privada para impulsar obras"},"content":{"rendered":"\n<p>\u00a0El Gobierno de Mendoza oficializ\u00f3 este mi\u00e9rcoles\u00a0<strong>una reforma integral del r\u00e9gimen de Iniciativa Privada<\/strong>, vigente desde 1990, con el objetivo de actualizar el marco legal que regula la participaci\u00f3n de particulares en obras y servicios p\u00fablicos.\u00a0<\/p>\n\n\n\n<p>&nbsp;La medida, publicada mediante el Decreto N\u00ba 2002, fue firmada por el gobernador&nbsp;<strong>Alfredo Cornejo<\/strong>&nbsp;y por los ministros Natalio Mema, Rodolfo Vargas y V\u00edctor Fayad, y seg\u00fan las autoridades busca incentivar la inversi\u00f3n, generar empleo y reactivar la econom\u00eda provincial.&nbsp;<\/p>\n\n\n\n<p>El nuevo r\u00e9gimen establece procedimientos claros para la presentaci\u00f3n y evaluaci\u00f3n de proyectos privados, ya sea mediante convocatorias oficiales o propuestas espont\u00e1neas de particulares.\u00a0<\/p>\n\n\n\n<p>Las iniciativas deben cumplir con\u00a0<strong>requisitos t\u00e9cnicos, econ\u00f3micos y ambientales<\/strong>, adem\u00e1s de presentar una garant\u00eda equivalente al 0,5% de la inversi\u00f3n estimada para asegurar la seriedad en el proceso licitatorio. La autoridad competente cuenta con un plazo m\u00e1ximo de 40 d\u00edas, prorrogable por 20, para emitir un informe sobre la viabilidad y el inter\u00e9s p\u00fablico de cada propuesta.<\/p>\n\n\n\n<p>Una vez declarada de inter\u00e9s p\u00fablico, la iniciativa deber\u00e1 ser sometida a licitaci\u00f3n en un plazo m\u00e1ximo de 40 d\u00edas. El decreto tambi\u00e9n contempla beneficios para los promotores, como preferencia en la adjudicaci\u00f3n cuando las ofertas sean equivalentes, posibilidad de ceder los derechos del proyecto y el reconocimiento de honorarios en caso de no resultar adjudicatarios.&nbsp;<\/p>\n\n\n\n<p>Seg\u00fan el decreto, esta actualizaci\u00f3n normativa responde a\u00a0<strong>la necesidad de adecuar la legislaci\u00f3n provincial a las demandas actuales\u00a0<\/strong>y promover un marco estable para inversiones privadas, contribuyendo al desarrollo sustentable de Mendoza,\u00a0 adapt\u00e1ndolas a las nuevas modalidades de asociaci\u00f3n p\u00fablico-privada.<\/p>\n\n\n\n<p><strong>Fuente: www.mendozapost.com<\/strong><\/p>\n","protected":false},"excerpt":{"rendered":"<p>\u00a0El Gobierno de Mendoza oficializ\u00f3 este mi\u00e9rcoles\u00a0una reforma integral del r\u00e9gimen de Iniciativa Privada, vigente desde 1990, con el objetivo de actualizar el marco legal que regula la participaci\u00f3n de particulares en obras y servicios p\u00fablicos.\u00a0 &nbsp;La medida, publicada mediante el Decreto N\u00ba 2002, fue firmada por el gobernador&nbsp;Alfredo Cornejo&nbsp;y por los ministros Natalio Mema, [&hellip;]<\/p>\n","protected":false},"author":2,"featured_media":14910,"comment_status":"open","ping_status":"open","sticky":false,"template":"","format":"standard","meta":[],"categories":[47],"tags":[],"_links":{"self":[{"href":"https:\/\/pasaenmendoza.com\/index.php?rest_route=\/wp\/v2\/posts\/14909"}],"collection":[{"href":"https:\/\/pasaenmendoza.com\/index.php?rest_route=\/wp\/v2\/posts"}],"about":[{"href":"https:\/\/pasaenmendoza.com\/index.php?rest_route=\/wp\/v2\/types\/post"}],"author":[{"embeddable":true,"href":"https:\/\/pasaenmendoza.com\/index.php?rest_route=\/wp\/v2\/users\/2"}],"replies":[{"embeddable":true,"href":"https:\/\/pasaenmendoza.com\/index.php?rest_route=%2Fwp%2Fv2%2Fcomments&post=14909"}],"version-history":[{"count":1,"href":"https:\/\/pasaenmendoza.com\/index.php?rest_route=\/wp\/v2\/posts\/14909\/revisions"}],"predecessor-version":[{"id":14911,"href":"https:\/\/pasaenmendoza.com\/index.php?rest_route=\/wp\/v2\/posts\/14909\/revisions\/14911"}],"wp:featuredmedia":[{"embeddable":true,"href":"https:\/\/pasaenmendoza.com\/index.php?rest_route=\/wp\/v2\/media\/14910"}],"wp:attachment":[{"href":"https:\/\/pasaenmendoza.com\/index.php?rest_route=%2Fwp%2Fv2%2Fmedia&parent=14909"}],"wp:term":[{"taxonomy":"category","embeddable":true,"href":"https:\/\/pasaenmendoza.com\/index.php?rest_route=%2Fwp%2Fv2%2Fcategories&post=14909"},{"taxonomy":"post_tag","embeddable":true,"href":"https:\/\/pasaenmendoza.com\/index.php?rest_route=%2Fwp%2Fv2%2Ftags&post=14909"}],"curies":[{"name":"wp","href":"https:\/\/api.w.org\/{rel}","templated":true}]}}