{"id":14915,"date":"2025-09-24T20:41:33","date_gmt":"2025-09-24T18:41:33","guid":{"rendered":"https:\/\/pasaenmendoza.com\/?p=14915"},"modified":"2025-09-24T20:41:34","modified_gmt":"2025-09-24T18:41:34","slug":"alfredo-cornejo-cuestiono-a-omar-felix-por-su-proyecto-de-autonomia-municipal","status":"publish","type":"post","link":"https:\/\/pasaenmendoza.com\/?p=14915","title":{"rendered":"Alfredo Cornejo cuestion\u00f3 a Omar F\u00e9lix por su proyecto de autonom\u00eda municipal"},"content":{"rendered":"\n<p><strong>Alfredo Cornejo\u00a0<\/strong>viaj\u00f3 a\u00a0<strong>San Rafael<\/strong>\u00a0en modo electoral y adem\u00e1s de\u00a0<strong>inauguraciones\u00a0<\/strong>de obras viales, entrega de viviendas y mejoras para el hospital Schestakow, tambi\u00e9n se dio tiempo para\u00a0<strong>criticar<\/strong>\u00a0a la\u00a0<strong>gesti\u00f3n peronista\u00a0<\/strong>del departamento.<\/p>\n\n\n\n<p>Puntualmente se refiri\u00f3 al env\u00edo por parte de&nbsp;<strong>Omar F\u00e9lix<\/strong>&nbsp;de una nueva carta org\u00e1nica municipal, que busca avanzar en la autonom\u00eda del departamento. El gobernador fue categ\u00f3rico: dijo que no ten\u00eda sentido sancionar una nueva ley en este sentido, ya que los municipios cuentan con la autonom\u00eda suficiente y que lo que busca F\u00e9lix con esta decisi\u00f3n es sumar r\u00e9dito pol\u00edtico y tener mayor libertad para cobrar impuestos.<\/p>\n\n\n\n<p>El\u00a0<strong>argumento\u00a0<\/strong>que esgrimen desde el Sur es que la reforma de la<strong>\u00a0Constituci\u00f3n de 1994\u00a0<\/strong>habilita a dictar una norma propia y que San Rafael necesita fortalecer su institucionalidad.<\/p>\n\n\n\n<h2 class=\"wp-block-heading\">Constituyentes para elaborar una carta org\u00e1nica<\/h2>\n\n\n\n<p>En&nbsp;<strong>San Rafael&nbsp;<\/strong>se habla de una nueva carta org\u00e1nica desde principios de a\u00f1o y el contrapunto con&nbsp;<strong>Cornejo<\/strong>&nbsp;se dio luego de que F\u00e9lix enviara al Concejo Deliberante el proyecto de<strong>&nbsp;autonom\u00eda municipal<\/strong>. Esto para que durante las pr\u00f3ximas elecciones, los sanrafaelinos tengan que elegir convencionales para redactar una nueva carta org\u00e1nica<\/p>\n\n\n\n<p>Desde el municipio sostienen que se trata de ejercer un derecho reconocido por la Constituci\u00f3n Nacional desde 1994, pero no incorporado a\u00fan por la&nbsp;<strong>Constituci\u00f3n&nbsp;<\/strong>de Mendoza, y que&nbsp;<strong>San Rafael<\/strong>&nbsp;necesita una norma fundamental adaptada a su realidad territorial y econ\u00f3mica.<\/p>\n\n\n\n<h2 class=\"wp-block-heading\">Para Cornejo, esta ley es innecesaria<\/h2>\n\n\n\n<p>En declaraciones p\u00fablicas,<strong>&nbsp;Cornejo<\/strong>&nbsp;se\u00f1al\u00f3 que no hay razones jur\u00eddicas para avanzar en una carta org\u00e1nica. \u201cLos municipios ya son aut\u00f3nomos, tienen su&nbsp;<strong>Ley Org\u00e1nica de Municipalidades&nbsp;<\/strong>y la cl\u00e1usula constitucional del &#8217;94\u201d, subray\u00f3, y advirti\u00f3 que el verdadero objetivo es ampliar las facultades para cobrar impuestos.<\/p>\n\n\n\n<p>\u201cSe trata de una iniciativa pol\u00edtica en el medio del proceso electoral. Muchas decisiones municipales se toman con criterio pol\u00edtico m\u00e1s que con responsabilidad administrativa\u201d, lanz\u00f3 el&nbsp;<strong>gobernador<\/strong>, cuestionando adem\u00e1s que cuando los problemas no se resuelven \u201cla culpa es de la Provincia o de la Naci\u00f3n, pero cuando las cosas est\u00e1n bien se lo adjudican al municipio\u201d.<\/p>\n\n\n\n<h2 class=\"wp-block-heading\">Qu\u00e9 propone San Rafael<\/h2>\n\n\n\n<p>El proyecto del intendente Omar F\u00e9lix plantea declarar la autonom\u00eda municipal de&nbsp;<strong>San Rafael,<\/strong>&nbsp;en l\u00ednea con el art\u00edculo 123 de la Constituci\u00f3n Nacional, y avanzar hacia la redacci\u00f3n de una carta org\u00e1nica. Para ello, se prev\u00e9 convocar a una elecci\u00f3n de 24 convencionales municipales que tendr\u00e1n un plazo de 90 d\u00edas para elaborar el texto.<\/p>\n\n\n\n<p>La norma regular\u00eda el funcionamiento institucional, pol\u00edtico, administrativo, econ\u00f3mico y financiero del municipio. Incluir\u00eda principios de control y rendici\u00f3n de cuentas, mecanismos de participaci\u00f3n ciudadana y un procedimiento para futuras reformas.<\/p>\n\n\n\n<p>En sus fundamentos, el proyecto resalta que la&nbsp;<strong>autonom\u00eda municipal<\/strong>&nbsp;es un derecho reconocido en la Constituci\u00f3n Nacional, respaldado por fallos de la Corte Suprema de la Naci\u00f3n y de la Suprema Corte de Mendoza, y que la constituci\u00f3n provincial no lo proh\u00edbe. Adem\u00e1s, subraya que&nbsp;<strong>San Rafael,<\/strong>&nbsp;por su vasta extensi\u00f3n, diversidad cultural y econ\u00f3mica, y su identidad propia, necesita una norma que refleje sus particularidades.<\/p>\n\n\n\n<h2 class=\"wp-block-heading\">La disputa pol\u00edtica entre Cornejo y F\u00e9lix<\/h2>\n\n\n\n<p>Mientras el municipio defiende la\u00a0<strong>carta org\u00e1nica<\/strong>\u00a0como un paso para fortalecer la institucionalidad y la gobernabilidad local,\u00a0<strong>Cornejo\u00a0<\/strong>insiste en que la independencia ya est\u00e1 garantizada y que el trasfondo es electoral. El debate expone una tensi\u00f3n de larga data entre el oficialismo provincial y el peronismo sanrafaelino, donde los argumentos jur\u00eddicos se entremezclan con la disputa pol\u00edtica.<\/p>\n\n\n\n<p><strong>Fuente: www.diariouno.com.ar<\/strong><\/p>\n","protected":false},"excerpt":{"rendered":"<p>Alfredo Cornejo\u00a0viaj\u00f3 a\u00a0San Rafael\u00a0en modo electoral y adem\u00e1s de\u00a0inauguraciones\u00a0de obras viales, entrega de viviendas y mejoras para el hospital Schestakow, tambi\u00e9n se dio tiempo para\u00a0criticar\u00a0a la\u00a0gesti\u00f3n peronista\u00a0del departamento. Puntualmente se refiri\u00f3 al env\u00edo por parte de&nbsp;Omar F\u00e9lix&nbsp;de una nueva carta org\u00e1nica municipal, que busca avanzar en la autonom\u00eda del departamento. El gobernador fue categ\u00f3rico: dijo [&hellip;]<\/p>\n","protected":false},"author":2,"featured_media":14916,"comment_status":"open","ping_status":"open","sticky":false,"template":"","format":"standard","meta":[],"categories":[47],"tags":[],"_links":{"self":[{"href":"https:\/\/pasaenmendoza.com\/index.php?rest_route=\/wp\/v2\/posts\/14915"}],"collection":[{"href":"https:\/\/pasaenmendoza.com\/index.php?rest_route=\/wp\/v2\/posts"}],"about":[{"href":"https:\/\/pasaenmendoza.com\/index.php?rest_route=\/wp\/v2\/types\/post"}],"author":[{"embeddable":true,"href":"https:\/\/pasaenmendoza.com\/index.php?rest_route=\/wp\/v2\/users\/2"}],"replies":[{"embeddable":true,"href":"https:\/\/pasaenmendoza.com\/index.php?rest_route=%2Fwp%2Fv2%2Fcomments&post=14915"}],"version-history":[{"count":1,"href":"https:\/\/pasaenmendoza.com\/index.php?rest_route=\/wp\/v2\/posts\/14915\/revisions"}],"predecessor-version":[{"id":14917,"href":"https:\/\/pasaenmendoza.com\/index.php?rest_route=\/wp\/v2\/posts\/14915\/revisions\/14917"}],"wp:featuredmedia":[{"embeddable":true,"href":"https:\/\/pasaenmendoza.com\/index.php?rest_route=\/wp\/v2\/media\/14916"}],"wp:attachment":[{"href":"https:\/\/pasaenmendoza.com\/index.php?rest_route=%2Fwp%2Fv2%2Fmedia&parent=14915"}],"wp:term":[{"taxonomy":"category","embeddable":true,"href":"https:\/\/pasaenmendoza.com\/index.php?rest_route=%2Fwp%2Fv2%2Fcategories&post=14915"},{"taxonomy":"post_tag","embeddable":true,"href":"https:\/\/pasaenmendoza.com\/index.php?rest_route=%2Fwp%2Fv2%2Ftags&post=14915"}],"curies":[{"name":"wp","href":"https:\/\/api.w.org\/{rel}","templated":true}]}}