{"id":14924,"date":"2025-09-24T21:02:53","date_gmt":"2025-09-24T19:02:53","guid":{"rendered":"https:\/\/pasaenmendoza.com\/?p=14924"},"modified":"2025-09-24T21:02:54","modified_gmt":"2025-09-24T19:02:54","slug":"ventas-en-supermercados-y-autoservicios-en-rojo-ponen-en-foco-a-la-economia-real","status":"publish","type":"post","link":"https:\/\/pasaenmendoza.com\/?p=14924","title":{"rendered":"Ventas en supermercados y autoservicios en rojo ponen en foco a la econom\u00eda real"},"content":{"rendered":"\n<p>Las\u00a0<strong>ventas en las grandes superficies<\/strong>\u00a0en el mes de julio cayeron de manera generalizada en la distintas bocas de expendio. Tanto\u00a0<strong>supermercados<\/strong>, como\u00a0<strong>autoservicios\u00a0mayoristas\u00a0y centros de compras (shoppings)<\/strong>\u00a0tuvieron bajas respecto del mes anterior. Mientras que las ventas en supermercados registraron una ca\u00edda de 2,1%, en autoservicios mayoristas cayeron 0,8% y en centros de compras bajaron un 3,2%, seg\u00fan los \u00faltimos informes del Instituto Nacional de Estad\u00edstica y Censos (Indec).<\/p>\n\n\n\n<p>Aunque en algunos casos el arrastre de las mejoras de los meses anteriores a\u00fan marcan mejoras interanuales, fundamentalmente el muy bajo piso del 2024, los n\u00fameros reflejan una fuerte\u00a0<strong>par\u00e1lisis de\u00a0consumo<\/strong>\u00a0en el mes de referencia.<\/p>\n\n\n\n<p>Estos datos negativos empa\u00f1aron en la jornada de ayer los festejos por el anuncio del secretario del Tesoro de Estados Unidos sobre una ayuda financiera para la Argentina.<\/p>\n\n\n\n<figure class=\"wp-block-image\"><img decoding=\"async\" src=\"https:\/\/media.mdzol.com\/p\/03a55f05fca6db38d2a7eda24c71cba7\/adjuntos\/373\/imagenes\/001\/814\/0001814811\/760x0\/smart\/supermercados-julio.jpg\" alt=\"\" title=\"\"\/><\/figure>\n\n\n\n<h2 class=\"wp-block-heading\">Supermercados<\/h2>\n\n\n\n<p>En el caso de los supermercados, el \u00edndice de ventas totales a precios constantes mostr\u00f3 un aumento de 1% interanual. Lo que implica una fuerte desaceleraci\u00f3n de los que sucedi\u00f3 en los primeros meses de 2025, tras la ca\u00edda de 2,1% respecto al mes anterior. En el acumulado enero-julio de 2025 hubo una variaci\u00f3n creciente de 3,5% respecto a igual periodo de 2024.<\/p>\n\n\n\n<p>Se trata del cuarto mes consecutivo de variaci\u00f3n negativa de las ventas intermensuales, pero con la particularidad de la fuerte aceleraci\u00f3n de la ca\u00edda. Las bajas fueron en abril del 0,6%, en mayo del 0,2% y en junio de 0,3%, lo que contrasta con la baja del 2,1% de julio.<\/p>\n\n\n\n<p>Un dato relevante es que en julio de 2025, las ventas realizadas con tarjeta de cr\u00e9dito representaron un 43,9% del total, con una variaci\u00f3n porcentual respecto a julio de 2024 de 31,1%.<\/p>\n\n\n\n<p>Otro \u00edtem destacado es que el rubro electrodom\u00e9sticos tuvo ventas que crecieron en valores corrientes (sin inflaci\u00f3n) un 8%, 28,6 puntos porcentuales menos que que el aumento del IPC que fue del 36,6% interanual en ese mes.<\/p>\n\n\n\n<figure class=\"wp-block-image\"><img decoding=\"async\" src=\"https:\/\/media.mdzol.com\/p\/67d84590bf41c539c98715bf2866146a\/adjuntos\/373\/imagenes\/001\/814\/0001814813\/760x0\/smart\/autoservicios-julio.jpg\" alt=\"\" title=\"\"\/><\/figure>\n\n\n\n<h2 class=\"wp-block-heading\">Autoservicios mayoristas<\/h2>\n\n\n\n<p>En el caso de los autoservicios mayoristas, que act\u00faan como centros de abastecimiento de los comercios de cercan\u00eda en todo el territorio nacional, fundamentalmente almacenes y kioscos de barrio, las ca\u00eddas fueron muy fuertes.<\/p>\n\n\n\n<p>La baja de 0,8% desestacionalizada respecto de junio, aport\u00f3 a la baja interanual del 6,3%. El acumulado enero-julio de 2025 registra una ca\u00edda de 6,5% respecto a igual per\u00edodo de 2024.<\/p>\n\n\n\n<p>Se trata de la cuarta ca\u00edda mensual consecutiva, tras las bajas del 1,8% en abril, 1,2% en mayo y del 1,8% en junio. La serie de bajas interanuales contin\u00faa desde fines de 2023 con \u00edndices superiores al 6% de manera constante y picos del 15% en los meses de octubre y noviembre de 2024.<\/p>\n\n\n\n<p>En el desagregado por rubros, llama la atenci\u00f3n que las ventas a precios constantes (sin contar la inflaci\u00f3n) de electrodom\u00e9sticos cayeron un 0,4% interanual, lo que implica una ca\u00edda superior al 36% a precios constantes. Art\u00edculos de limpieza (+11,4% a precios corrientes) y l\u00e1cteos (+12,2% a precios corrientes), tambi\u00e9n sufrieron grandes bajas en las ventas.<\/p>\n\n\n\n<figure class=\"wp-block-image\"><img decoding=\"async\" src=\"https:\/\/media.mdzol.com\/p\/c765fc251d8755cb9442adff4d065d39\/adjuntos\/373\/imagenes\/001\/814\/0001814815\/760x0\/smart\/shopping.jpg\" alt=\"\" title=\"\"\/><\/figure>\n\n\n\n<h2 class=\"wp-block-heading\">Shoppings<\/h2>\n\n\n\n<p>Las ca\u00eddas en las ventas en los centros de compras, incluidos los shoppings, fueron en el mes de julio del 9,5% interanual en la medici\u00f3n a precios constantes y de un 3,2% mensual en la medici\u00f3n precios corrientes en la .<\/p>\n\n\n\n<p>Las ventas en el mes de julio fueron de $576.848 millones, cuando en el mes de junio fueron de $592.710 millones.<\/p>\n\n\n\n<p>En el desagregado por rubros, llaman la atenci\u00f3n la fuerte baja de ventas de electr\u00f3nicos y electrodom\u00e9sticos, con una suba interanual a precios corrientes del 5,1%, tras una inflaci\u00f3n del 36,6% seg\u00fan Indec.<\/p>\n\n\n\n<p>Otros rubros que sufren la recesi\u00f3n son ropa deportiva (10%) y indumentaria, calzado y marroquiner\u00eda (12,8%).<\/p>\n\n\n\n<p>Por arriba de dato de inflaci\u00f3n aparecen jugueter\u00eda, con 45,4% y patio de comidas, alimentos y kioscos, con 39%.<\/p>\n\n\n\n<p><strong>Fuente: www.mdzol.com<\/strong><\/p>\n","protected":false},"excerpt":{"rendered":"<p>Las\u00a0ventas en las grandes superficies\u00a0en el mes de julio cayeron de manera generalizada en la distintas bocas de expendio. Tanto\u00a0supermercados, como\u00a0autoservicios\u00a0mayoristas\u00a0y centros de compras (shoppings)\u00a0tuvieron bajas respecto del mes anterior. Mientras que las ventas en supermercados registraron una ca\u00edda de 2,1%, en autoservicios mayoristas cayeron 0,8% y en centros de compras bajaron un 3,2%, seg\u00fan [&hellip;]<\/p>\n","protected":false},"author":2,"featured_media":14925,"comment_status":"open","ping_status":"open","sticky":false,"template":"","format":"standard","meta":[],"categories":[112],"tags":[],"_links":{"self":[{"href":"https:\/\/pasaenmendoza.com\/index.php?rest_route=\/wp\/v2\/posts\/14924"}],"collection":[{"href":"https:\/\/pasaenmendoza.com\/index.php?rest_route=\/wp\/v2\/posts"}],"about":[{"href":"https:\/\/pasaenmendoza.com\/index.php?rest_route=\/wp\/v2\/types\/post"}],"author":[{"embeddable":true,"href":"https:\/\/pasaenmendoza.com\/index.php?rest_route=\/wp\/v2\/users\/2"}],"replies":[{"embeddable":true,"href":"https:\/\/pasaenmendoza.com\/index.php?rest_route=%2Fwp%2Fv2%2Fcomments&post=14924"}],"version-history":[{"count":1,"href":"https:\/\/pasaenmendoza.com\/index.php?rest_route=\/wp\/v2\/posts\/14924\/revisions"}],"predecessor-version":[{"id":14926,"href":"https:\/\/pasaenmendoza.com\/index.php?rest_route=\/wp\/v2\/posts\/14924\/revisions\/14926"}],"wp:featuredmedia":[{"embeddable":true,"href":"https:\/\/pasaenmendoza.com\/index.php?rest_route=\/wp\/v2\/media\/14925"}],"wp:attachment":[{"href":"https:\/\/pasaenmendoza.com\/index.php?rest_route=%2Fwp%2Fv2%2Fmedia&parent=14924"}],"wp:term":[{"taxonomy":"category","embeddable":true,"href":"https:\/\/pasaenmendoza.com\/index.php?rest_route=%2Fwp%2Fv2%2Fcategories&post=14924"},{"taxonomy":"post_tag","embeddable":true,"href":"https:\/\/pasaenmendoza.com\/index.php?rest_route=%2Fwp%2Fv2%2Ftags&post=14924"}],"curies":[{"name":"wp","href":"https:\/\/api.w.org\/{rel}","templated":true}]}}