{"id":14927,"date":"2025-09-25T14:26:24","date_gmt":"2025-09-25T12:26:24","guid":{"rendered":"https:\/\/pasaenmendoza.com\/?p=14927"},"modified":"2025-09-25T14:26:25","modified_gmt":"2025-09-25T12:26:25","slug":"el-tiempo-en-mendoza-para-este-jueves-mas-calor-y-con-alertas-por-vientos","status":"publish","type":"post","link":"https:\/\/pasaenmendoza.com\/?p=14927","title":{"rendered":"El tiempo en Mendoza para este jueves: m\u00e1s calor y con alertas por vientos"},"content":{"rendered":"\n<p>La temperatura m\u00e1xima para este jueves ser\u00e1 de 26 grados, en tanto que la m\u00ednima se ubicar\u00e1 en los 10 grados cent\u00edgrados.<\/p>\n\n\n\n<p>Estar\u00e1 \u201calgo nublado con ascenso de la temperatura, vientos moderados del noreste\u201d, seg\u00fan adelant\u00f3 el pron\u00f3stico de la Direcci\u00f3n de Contingencias Clim\u00e1ticas.<\/p>\n\n\n\n<p>El tiempo en alta monta\u00f1a: \u201cInestable en cordilllera\u201d.<\/p>\n\n\n\n<h2 class=\"wp-block-heading\" id=\"h-alertas-meteorologicas\">Alertas meteorol\u00f3gicas<\/h2>\n\n\n\n<p>El Servicio Meteorol\u00f3gico Nacional dispuso el alerta amarilla para varias zonas de la provincia.<\/p>\n\n\n\n<p>En nivel amarillo por vientos para el Este de Las Heras, La Paz, Lavalle, San Mart\u00edn y Santa Rosa, para la ma\u00f1ana y tarde.<\/p>\n\n\n\n<p>Tambi\u00e9n para la Cordillera de Las Heras, Cordillera de Luj\u00e1n de Cuyo y la Cordillera de Tupungato, en la ma\u00f1ana, tarde, noche y hasta la madrugada del viernes. E incluye a la Cordillera de San Carlos, Tunuy\u00e1n, Malarg\u00fce y de San Rafael.<\/p>\n\n\n\n<p>La regi\u00f3n cordillerana ser\u00e1 afectada por vientos del sector oeste con velocidades entre 40 y 65 kil\u00f3metros por hora con r\u00e1fagas que pueden superar los 100 kil\u00f3metros por hora.<\/p>\n\n\n\n<p><strong>Fuente: www.elsol.com.ar<\/strong><\/p>\n","protected":false},"excerpt":{"rendered":"<p>La temperatura m\u00e1xima para este jueves ser\u00e1 de 26 grados, en tanto que la m\u00ednima se ubicar\u00e1 en los 10 grados cent\u00edgrados. Estar\u00e1 \u201calgo nublado con ascenso de la temperatura, vientos moderados del noreste\u201d, seg\u00fan adelant\u00f3 el pron\u00f3stico de la Direcci\u00f3n de Contingencias Clim\u00e1ticas. El tiempo en alta monta\u00f1a: \u201cInestable en cordilllera\u201d. Alertas meteorol\u00f3gicas El [&hellip;]<\/p>\n","protected":false},"author":2,"featured_media":14928,"comment_status":"open","ping_status":"open","sticky":false,"template":"","format":"standard","meta":[],"categories":[52],"tags":[],"_links":{"self":[{"href":"https:\/\/pasaenmendoza.com\/index.php?rest_route=\/wp\/v2\/posts\/14927"}],"collection":[{"href":"https:\/\/pasaenmendoza.com\/index.php?rest_route=\/wp\/v2\/posts"}],"about":[{"href":"https:\/\/pasaenmendoza.com\/index.php?rest_route=\/wp\/v2\/types\/post"}],"author":[{"embeddable":true,"href":"https:\/\/pasaenmendoza.com\/index.php?rest_route=\/wp\/v2\/users\/2"}],"replies":[{"embeddable":true,"href":"https:\/\/pasaenmendoza.com\/index.php?rest_route=%2Fwp%2Fv2%2Fcomments&post=14927"}],"version-history":[{"count":1,"href":"https:\/\/pasaenmendoza.com\/index.php?rest_route=\/wp\/v2\/posts\/14927\/revisions"}],"predecessor-version":[{"id":14929,"href":"https:\/\/pasaenmendoza.com\/index.php?rest_route=\/wp\/v2\/posts\/14927\/revisions\/14929"}],"wp:featuredmedia":[{"embeddable":true,"href":"https:\/\/pasaenmendoza.com\/index.php?rest_route=\/wp\/v2\/media\/14928"}],"wp:attachment":[{"href":"https:\/\/pasaenmendoza.com\/index.php?rest_route=%2Fwp%2Fv2%2Fmedia&parent=14927"}],"wp:term":[{"taxonomy":"category","embeddable":true,"href":"https:\/\/pasaenmendoza.com\/index.php?rest_route=%2Fwp%2Fv2%2Fcategories&post=14927"},{"taxonomy":"post_tag","embeddable":true,"href":"https:\/\/pasaenmendoza.com\/index.php?rest_route=%2Fwp%2Fv2%2Ftags&post=14927"}],"curies":[{"name":"wp","href":"https:\/\/api.w.org\/{rel}","templated":true}]}}