{"id":14936,"date":"2025-09-25T14:55:01","date_gmt":"2025-09-25T12:55:01","guid":{"rendered":"https:\/\/pasaenmendoza.com\/?p=14936"},"modified":"2025-09-25T14:55:02","modified_gmt":"2025-09-25T12:55:02","slug":"alerta-por-vientos-de-hasta-80-km-por-hora-que-zonas-afectara","status":"publish","type":"post","link":"https:\/\/pasaenmendoza.com\/?p=14936","title":{"rendered":"Alerta por vientos de hasta 80 km por hora: qu\u00e9 zonas afectar\u00e1"},"content":{"rendered":"\n<p>El\u00a0<strong>Servicio Meteorol\u00f3gico Nacional (SMN)<\/strong>\u00a0emiti\u00f3 una alerta amarilla por fuertes vientos en Mendoza. En algunos departamentos,<strong>\u00a0las r\u00e1fagas podr\u00edan superar los 80 kil\u00f3metros por hora.<\/strong><\/p>\n\n\n\n<p>El comunicado emitido por Defensa Civil de la provincia anticipa que tanto el Gran Mendoza como gran parte de la provincia estar\u00e1 bajo alerta amarilla por vientos.<\/p>\n\n\n\n<p><em>\u201cCirculaci\u00f3n de viento norte a sur desde media ma\u00f1ana, afectando principalmente franja Este, pudiendo extenderse a Valle de Uco y Gran Mendoza. La circulaci\u00f3n tambi\u00e9n afectar\u00e1 zona Este y zona Sur, prolong\u00e1ndose hasta la madrugada del d\u00eda siguiente\u201d<\/em>, destacaron.<\/p>\n\n\n\n<p>\u201c<em>El \u00e1rea ser\u00e1 afectada por vientos del norte o noreste, con velocidades entre 40 y 60 kil\u00f3metro por hora y r\u00e1fagas que pueden superar los 80 kil\u00f3metros por hora, especialmente en zonas serranas. La provincia de San Luis, el este de Mendoza, el este de San Juan, el este de La Rioja, el noroeste de C\u00f3rdoba y el sur de Catamarca ser\u00e1n afectados por vientos del norte o noreste<\/em>\u201c, agregaron desde el\u00a0<strong>Servicio Meteorol\u00f3gico Nacional (SMN)<\/strong>\u00a0.<\/p>\n\n\n\n<p>La alerta amarilla incluye a los departamentos de General Alvear, Las Heras, La Paz, Lavalle, San Mart\u00edn, Santa Rosa y parte de Jun\u00edn y Rivadavia. Adem\u00e1s, incluye la precordillera de Malarg\u00fce, San Rafael, San Carlos, Tunuy\u00e1n, Tupungato y Luj\u00e1n de Cuyo. Seg\u00fan el pron\u00f3stico emitido por el organismo nacional, las r\u00e1fagas m\u00e1s intensas tendr\u00edan lugar entre la ma\u00f1ana y la tarde y se extender\u00e1n hasta la noche.<\/p>\n\n\n\n<p>En la precordillera, el fen\u00f3meno tendr\u00e1 mayor persistencia: se iniciar\u00e1 tambi\u00e9n en la ma\u00f1ana del jueves, pero continuar\u00e1 incluso hasta la madrugada del viernes.<\/p>\n\n\n\n<p><strong>Fuente: www.elsol.com.ar<\/strong><\/p>\n","protected":false},"excerpt":{"rendered":"<p>El\u00a0Servicio Meteorol\u00f3gico Nacional (SMN)\u00a0emiti\u00f3 una alerta amarilla por fuertes vientos en Mendoza. En algunos departamentos,\u00a0las r\u00e1fagas podr\u00edan superar los 80 kil\u00f3metros por hora. El comunicado emitido por Defensa Civil de la provincia anticipa que tanto el Gran Mendoza como gran parte de la provincia estar\u00e1 bajo alerta amarilla por vientos. \u201cCirculaci\u00f3n de viento norte a [&hellip;]<\/p>\n","protected":false},"author":2,"featured_media":14937,"comment_status":"open","ping_status":"open","sticky":false,"template":"","format":"standard","meta":[],"categories":[46],"tags":[],"_links":{"self":[{"href":"https:\/\/pasaenmendoza.com\/index.php?rest_route=\/wp\/v2\/posts\/14936"}],"collection":[{"href":"https:\/\/pasaenmendoza.com\/index.php?rest_route=\/wp\/v2\/posts"}],"about":[{"href":"https:\/\/pasaenmendoza.com\/index.php?rest_route=\/wp\/v2\/types\/post"}],"author":[{"embeddable":true,"href":"https:\/\/pasaenmendoza.com\/index.php?rest_route=\/wp\/v2\/users\/2"}],"replies":[{"embeddable":true,"href":"https:\/\/pasaenmendoza.com\/index.php?rest_route=%2Fwp%2Fv2%2Fcomments&post=14936"}],"version-history":[{"count":1,"href":"https:\/\/pasaenmendoza.com\/index.php?rest_route=\/wp\/v2\/posts\/14936\/revisions"}],"predecessor-version":[{"id":14938,"href":"https:\/\/pasaenmendoza.com\/index.php?rest_route=\/wp\/v2\/posts\/14936\/revisions\/14938"}],"wp:featuredmedia":[{"embeddable":true,"href":"https:\/\/pasaenmendoza.com\/index.php?rest_route=\/wp\/v2\/media\/14937"}],"wp:attachment":[{"href":"https:\/\/pasaenmendoza.com\/index.php?rest_route=%2Fwp%2Fv2%2Fmedia&parent=14936"}],"wp:term":[{"taxonomy":"category","embeddable":true,"href":"https:\/\/pasaenmendoza.com\/index.php?rest_route=%2Fwp%2Fv2%2Fcategories&post=14936"},{"taxonomy":"post_tag","embeddable":true,"href":"https:\/\/pasaenmendoza.com\/index.php?rest_route=%2Fwp%2Fv2%2Ftags&post=14936"}],"curies":[{"name":"wp","href":"https:\/\/api.w.org\/{rel}","templated":true}]}}