{"id":14940,"date":"2025-09-25T20:31:32","date_gmt":"2025-09-25T18:31:32","guid":{"rendered":"https:\/\/pasaenmendoza.com\/?p=14940"},"modified":"2025-09-25T20:31:33","modified_gmt":"2025-09-25T18:31:33","slug":"anunciaron-el-cierre-del-paso-cristo-redentor-por-posibles-nevadas-en-alta-montana","status":"publish","type":"post","link":"https:\/\/pasaenmendoza.com\/?p=14940","title":{"rendered":"Anunciaron el cierre del Paso Cristo Redentor por posibles nevadas en alta monta\u00f1a"},"content":{"rendered":"\n<p>Los coordinadores del\u00a0<strong>Paso Cristo Redentor<\/strong>\u00a0advirtieron sobre un cierre preventivo por la probabilidad de\u00a0<strong>nevadas\u00a0<\/strong>en la\u00a0<strong>alta monta\u00f1a<\/strong>, y no se sabe todav\u00eda hasta cu\u00e1ndo se mantendr\u00e1 de esta manera. Esto se suma a las demoras que tuvieron los camioneros para cruzar hacia\u00a0<strong>Chile\u00a0<\/strong>luego del corte del fin de semana pasado tambi\u00e9n por nevadas.<\/p>\n\n\n\n<p>El comunicado enviado por el coordinador argentino del\u00a0<strong>Paso Cristo Redentor<\/strong>, Justo Jos\u00e9 B\u00e1scolo, indic\u00f3: &#8220;Se comunica a los usuarios que el d\u00eda 25 de septiembre a partir de las 22 el paso internacional permanecer\u00e1\u00a0<strong>cerrado\u00a0<\/strong>preventivamente en ambos sentidos y para todo tipo de veh\u00edculos&#8221;.<\/p>\n\n\n\n<p>Detall\u00f3 que el cierre de barrera en&nbsp;<strong>Uspallata&nbsp;<\/strong>ser\u00e1 desde las 20 de este jueves para evitar que los veh\u00edculos intenten llegar a la aduana y la encuentren&nbsp;<strong>cerrada<\/strong>, debido a que los funcionarios de ambos pa\u00edses se ir\u00e1n a las 22.<\/p>\n\n\n\n<p>B\u00e1scolo agreg\u00f3 el motivo de este\u00a0<strong>cierre preventivo<\/strong>: &#8220;Los informes meteorol\u00f3gicos dan cuenta de inestabilidad y nevadas en la\u00a0<strong>alta monta\u00f1a<\/strong>\u00a0que no garantizan condiciones seguras de transitabilidad&#8221; para el viernes.<\/p>\n\n\n\n<p>Para quienes quieran organizar un viaje y cruzar por el\u00a0<strong>Paso Cristo Redentor<\/strong>, podr\u00e1n chequear el estado del mismo en el\u00a0sitio oficial.<\/p>\n\n\n\n<h2 class=\"wp-block-heading\">Demoras en el Paso Cristo Redentor<\/h2>\n\n\n\n<p>El fin de semana pasado el<strong>\u00a0paso a Chile<\/strong>\u00a0estuvo cerrado por nevadas que complicaron la Ruta 7 y la 60 del vecino pa\u00eds. El lunes a las 9 se habilit\u00f3 el tr\u00e1nsito para todo tipo de veh\u00edculos y fueron muchos los\u00a0<strong>camiones\u00a0<\/strong>que emprendieron viaje hacia la alta monta\u00f1a.<\/p>\n\n\n\n<p>A pesar de los\u00a0reclamos y pedidos, indicaron que hab\u00eda pocos funcionarios para atender a los transportistas\u00a0en el vecino pa\u00eds, y esto motiv\u00f3 a que pidieran cortes cada media hora para que los camiones ingresaran a\u00a0<strong>Los Libertadores<\/strong>\u00a0por tandas.<\/p>\n\n\n\n<p>Reci\u00e9n el mi\u00e9rcoles al mediod\u00eda reforzaron la atenci\u00f3n en el<strong>\u00a0Paso Cristo Redentor<\/strong>\u00a0para agilizar los tr\u00e1mites de los camioneros para ingresar a Chile. Cuando la situaci\u00f3n comenzaba a normalizarse, anunciaron el nuevo corte preventivo.<\/p>\n\n\n\n<p><strong>Fuente: www.diariouno.com.ar<\/strong><\/p>\n","protected":false},"excerpt":{"rendered":"<p>Los coordinadores del\u00a0Paso Cristo Redentor\u00a0advirtieron sobre un cierre preventivo por la probabilidad de\u00a0nevadas\u00a0en la\u00a0alta monta\u00f1a, y no se sabe todav\u00eda hasta cu\u00e1ndo se mantendr\u00e1 de esta manera. Esto se suma a las demoras que tuvieron los camioneros para cruzar hacia\u00a0Chile\u00a0luego del corte del fin de semana pasado tambi\u00e9n por nevadas. El comunicado enviado por el [&hellip;]<\/p>\n","protected":false},"author":2,"featured_media":14942,"comment_status":"open","ping_status":"open","sticky":false,"template":"","format":"standard","meta":[],"categories":[66],"tags":[],"_links":{"self":[{"href":"https:\/\/pasaenmendoza.com\/index.php?rest_route=\/wp\/v2\/posts\/14940"}],"collection":[{"href":"https:\/\/pasaenmendoza.com\/index.php?rest_route=\/wp\/v2\/posts"}],"about":[{"href":"https:\/\/pasaenmendoza.com\/index.php?rest_route=\/wp\/v2\/types\/post"}],"author":[{"embeddable":true,"href":"https:\/\/pasaenmendoza.com\/index.php?rest_route=\/wp\/v2\/users\/2"}],"replies":[{"embeddable":true,"href":"https:\/\/pasaenmendoza.com\/index.php?rest_route=%2Fwp%2Fv2%2Fcomments&post=14940"}],"version-history":[{"count":1,"href":"https:\/\/pasaenmendoza.com\/index.php?rest_route=\/wp\/v2\/posts\/14940\/revisions"}],"predecessor-version":[{"id":14943,"href":"https:\/\/pasaenmendoza.com\/index.php?rest_route=\/wp\/v2\/posts\/14940\/revisions\/14943"}],"wp:featuredmedia":[{"embeddable":true,"href":"https:\/\/pasaenmendoza.com\/index.php?rest_route=\/wp\/v2\/media\/14942"}],"wp:attachment":[{"href":"https:\/\/pasaenmendoza.com\/index.php?rest_route=%2Fwp%2Fv2%2Fmedia&parent=14940"}],"wp:term":[{"taxonomy":"category","embeddable":true,"href":"https:\/\/pasaenmendoza.com\/index.php?rest_route=%2Fwp%2Fv2%2Fcategories&post=14940"},{"taxonomy":"post_tag","embeddable":true,"href":"https:\/\/pasaenmendoza.com\/index.php?rest_route=%2Fwp%2Fv2%2Ftags&post=14940"}],"curies":[{"name":"wp","href":"https:\/\/api.w.org\/{rel}","templated":true}]}}