{"id":14944,"date":"2025-09-25T20:48:08","date_gmt":"2025-09-25T18:48:08","guid":{"rendered":"https:\/\/pasaenmendoza.com\/?p=14944"},"modified":"2025-09-25T20:48:09","modified_gmt":"2025-09-25T18:48:09","slug":"como-es-el-operativo-provincial-que-se-ejecuta-para-controlar-la-polilla-de-la-vid","status":"publish","type":"post","link":"https:\/\/pasaenmendoza.com\/?p=14944","title":{"rendered":"C\u00f3mo es el operativo provincial que se ejecuta para controlar la polilla de la vid"},"content":{"rendered":"\n<p>El Ministerio de Producci\u00f3n y el\u00a0Iscamen\u00a0coordinan la campa\u00f1a 2025-2026 para el\u00a0<strong>control de la\u00a0Lobesia botrana, organizada en distintas etapas en funci\u00f3n de la biolog\u00eda de la\u00a0plaga,<\/strong>\u00a0la fenolog\u00eda de los cultivos y la din\u00e1mica del complejo socioproductivo. Esta iniciativa combina acciones del Gobierno provincial con\u00a0<strong>tratamientos intraprediales que deben realizar los propios productores.<\/strong><\/p>\n\n\n\n<p>Para el\u00a0<strong>control<\/strong>\u00a0de la primera generaci\u00f3n de la\u00a0<strong>plaga<\/strong>, se han previsto tres etapas: asistencia con difusores de feromonas, entrega de insecticidas espec\u00edficos en mano y servicio de tratamientos a\u00e9reos. En tanto que, para el control del segundo vuelo de la plaga, se prev\u00e9n aeroplicaciones mediante aviones y drones de feromonas pulverizables.<\/p>\n\n\n\n<p>En esta\u00a0<strong>segunda etapa,\u00a0<\/strong>se prev\u00e9 la asistencia a m\u00e1s de 1300 productores del oasis Este, con insecticidas de bajo impacto ambiental (categor\u00eda IV, banda verde), destinados a cubrir dos aplicaciones correspondientes al primer vuelo de la plaga. Tambi\u00e9n se ha previsto la asistencia con productos compatibles para vi\u00f1edos bajo producci\u00f3n org\u00e1nica, que abarcan una superficie de 7.500 hect\u00e1reas.<\/p>\n\n\n\n<p>Los productores beneficiarios deben presentarse en la Delegaci\u00f3n Este del Iscamen, Chubut 130, San Mar\u00edn, con el RENSPA-RUT actualizado, fotocopia de DNI del titular. En caso de concurrir un autorizado, la documentaci\u00f3n correspondiente junto a la copia de su DNI.<\/p>\n\n\n\n<p>Los propietarios de aquellas fincas que se encuentren dentro de los bloques de asistencia deber\u00e1n presentarse en la sede Este del Iscamen con la documentaci\u00f3n requerida para retirar los insumos asignados.<\/p>\n\n\n\n<p><strong>Primera alerta de control: acci\u00f3n intrapredial<\/strong><\/p>\n\n\n\n<p>El control de la primera generaci\u00f3n de Lobesia botrana es clave, ya que cada hembra puede poner cerca de 100 huevos y una pareja llegar a generar alrededor de 250 mil ejemplares al final de la temporada. Actuar de manera temprana asegura mejores resultados sanitarios durante el resto del ciclo productivo.<\/p>\n\n\n\n<p>Por ello, los productores deben aplicar insecticidas cuando las variedades de vid presenten racimos preflorales de entre 5 y 7 cent\u00edmetros, antes de la apertura de flores. Estos tratamientos deben realizarse incluso en vi\u00f1edos que utilizan la t\u00e9cnica de confusi\u00f3n sexual (TCS) o que ser\u00e1n alcanzados por el servicio de tratamientos a\u00e9reos.<\/p>\n\n\n\n<p>Dado que la primera generaci\u00f3n de Lobesia botrana se presenta durante un per\u00edodo de m\u00e1s de un mes (octubre a principios de noviembre), resulta necesario realizar m\u00e1s de una aplicaci\u00f3n, para garantizar la protecci\u00f3n de los cultivos. Se recomienda, entonces, realizar un segundo tratamiento a 15 d\u00edas de la primera aplicaci\u00f3n, para garantizar un control adecuado de esta primera generaci\u00f3n de la plaga.<\/p>\n\n\n\n<p><strong>Fuente: www.diariomendoza.com.ar<\/strong><\/p>\n","protected":false},"excerpt":{"rendered":"<p>El Ministerio de Producci\u00f3n y el\u00a0Iscamen\u00a0coordinan la campa\u00f1a 2025-2026 para el\u00a0control de la\u00a0Lobesia botrana, organizada en distintas etapas en funci\u00f3n de la biolog\u00eda de la\u00a0plaga,\u00a0la fenolog\u00eda de los cultivos y la din\u00e1mica del complejo socioproductivo. Esta iniciativa combina acciones del Gobierno provincial con\u00a0tratamientos intraprediales que deben realizar los propios productores. Para el\u00a0control\u00a0de la primera generaci\u00f3n [&hellip;]<\/p>\n","protected":false},"author":2,"featured_media":14945,"comment_status":"open","ping_status":"open","sticky":false,"template":"","format":"standard","meta":[],"categories":[70],"tags":[],"_links":{"self":[{"href":"https:\/\/pasaenmendoza.com\/index.php?rest_route=\/wp\/v2\/posts\/14944"}],"collection":[{"href":"https:\/\/pasaenmendoza.com\/index.php?rest_route=\/wp\/v2\/posts"}],"about":[{"href":"https:\/\/pasaenmendoza.com\/index.php?rest_route=\/wp\/v2\/types\/post"}],"author":[{"embeddable":true,"href":"https:\/\/pasaenmendoza.com\/index.php?rest_route=\/wp\/v2\/users\/2"}],"replies":[{"embeddable":true,"href":"https:\/\/pasaenmendoza.com\/index.php?rest_route=%2Fwp%2Fv2%2Fcomments&post=14944"}],"version-history":[{"count":1,"href":"https:\/\/pasaenmendoza.com\/index.php?rest_route=\/wp\/v2\/posts\/14944\/revisions"}],"predecessor-version":[{"id":14946,"href":"https:\/\/pasaenmendoza.com\/index.php?rest_route=\/wp\/v2\/posts\/14944\/revisions\/14946"}],"wp:featuredmedia":[{"embeddable":true,"href":"https:\/\/pasaenmendoza.com\/index.php?rest_route=\/wp\/v2\/media\/14945"}],"wp:attachment":[{"href":"https:\/\/pasaenmendoza.com\/index.php?rest_route=%2Fwp%2Fv2%2Fmedia&parent=14944"}],"wp:term":[{"taxonomy":"category","embeddable":true,"href":"https:\/\/pasaenmendoza.com\/index.php?rest_route=%2Fwp%2Fv2%2Fcategories&post=14944"},{"taxonomy":"post_tag","embeddable":true,"href":"https:\/\/pasaenmendoza.com\/index.php?rest_route=%2Fwp%2Fv2%2Ftags&post=14944"}],"curies":[{"name":"wp","href":"https:\/\/api.w.org\/{rel}","templated":true}]}}