{"id":14947,"date":"2025-09-25T20:51:23","date_gmt":"2025-09-25T18:51:23","guid":{"rendered":"https:\/\/pasaenmendoza.com\/?p=14947"},"modified":"2025-09-25T20:51:24","modified_gmt":"2025-09-25T18:51:24","slug":"la-reforma-al-estatuto-del-empleado-publico-camino-a-definirse-con-un-resultado-historico","status":"publish","type":"post","link":"https:\/\/pasaenmendoza.com\/?p=14947","title":{"rendered":"La reforma al Estatuto del Empleado P\u00fablico, camino a definirse con un resultado hist\u00f3rico"},"content":{"rendered":"\n<p>La reforma al Estatuto del\u00a0<strong>Empleado P\u00fablico<\/strong>\u00a0(Ley 5126, vigente desde 1973) avanza hacia su aprobaci\u00f3n definitiva en Mendoza, aunque el camino no ser\u00e1 sencillo. El proyecto ya cuenta con media sanci\u00f3n de Diputados, pero en el Senado la oposici\u00f3n se abroquel\u00f3 en contra y anticipa que votar\u00e1 en bloque para rechazarlo.<\/p>\n\n\n\n<p>La iniciativa, impulsada por el\u00a0<strong>oficialismo<\/strong>, modifica reglas hist\u00f3ricas del empleo estatal y es resistida por los gremios, que aseguran que la propuesta implica p\u00e9rdida de derechos. El punto m\u00e1s cuestionado es la creaci\u00f3n de la figura del empleado interino, considerada por el PJ una \u201cherramienta para nombrar a dedo\u201d.<\/p>\n\n\n\n<h2 class=\"wp-block-heading\">Una votaci\u00f3n al filo del empate<\/h2>\n\n\n\n<p>Si el escenario se mantiene, el proyecto se debatir\u00e1 en el&nbsp;<strong>Senado<\/strong>&nbsp;con un resultado muy ajustado: 19 votos a favor y 19 en contra. En ese caso, ser\u00e1 la vicegobernadora&nbsp;<strong>Hebe Casado<\/strong>, presidenta natural de la C\u00e1mara Alta, quien deba desempatar. Ella ya anticip\u00f3 que acompa\u00f1ar\u00e1 al oficialismo, lo que asegura la aprobaci\u00f3n del proyecto.<\/p>\n\n\n\n<p>De confirmarse, el martes podr\u00eda darse el voto de desempate de&nbsp;<strong>Casado<\/strong>, una herramienta institucional que rara vez se utiliza en&nbsp;<strong>Mendoza<\/strong>&nbsp;y que le dar\u00e1 un tinte especial a la sesi\u00f3n.<\/p>\n\n\n\n<p>La vice ya lo utiliz\u00f3 por primera vez para eliminar el bloqueo de t\u00edtulo para los farmac\u00e9uticos, un proyecto que entr\u00f3 dentro de la reforma de Salud que se vot\u00f3 en la Legislatura durante el a\u00f1o pasado.<\/p>\n\n\n\n<h2 class=\"wp-block-heading\">Las cr\u00edticas de la oposici\u00f3n<\/h2>\n\n\n\n<p>La presidenta del bloque del PJ, Adriana Cano, fue una de las voces m\u00e1s duras contra el proyecto. Seg\u00fan explic\u00f3, la figura del interino contradice la postura hist\u00f3rica del propio gobernador Alfredo Cornejo, quien siempre defendi\u00f3 el ingreso por concurso como regla para transparentar el&nbsp;<strong>empleo p\u00fablico<\/strong>.<\/p>\n\n\n\n<p>Los senadores de la oposici\u00f3n pidieron m\u00e1s tiempo y escuchar a los&nbsp;<strong>gremios,<\/strong>&nbsp;que participaron, pero adem\u00e1s protestaron en la puerta de la Legislatura contra el proyecto.<\/p>\n\n\n\n<p>El senador Ariel Pringles, de&nbsp;<strong>La Uni\u00f3n Mendocina<\/strong>&nbsp;(LAUM), tambi\u00e9n intervino en la discusi\u00f3n y su bloque intent\u00f3 presentar un despacho en minor\u00eda. Sin embargo, el plazo reglamentario venci\u00f3 antes de que pudieran ingresarlo formalmente. De todas maneras, anticip\u00f3 que no apoyar\u00e1n el proyecto del Ejecutivo.<\/p>\n\n\n\n<p>Aunque el&nbsp;<strong>oficialismo<\/strong>&nbsp;tiene asegurada la aprobaci\u00f3n, el escenario no es el ideal para Alfredo Cornejo. El mandatario buscaba que la reforma contara con respaldo opositor para darle mayor legitimidad pol\u00edtica y sostenerla frente al previsible conflicto gremial que se avecina.<\/p>\n\n\n\n<h2 class=\"wp-block-heading\">Qu\u00e9 cambia con el nuevo estatuto para los empleados p\u00fablicos<\/h2>\n\n\n\n<p>La Ley 5.126, que regula el empleo p\u00fablico en Mendoza desde 1973, nunca hab\u00eda tenido una reforma integral. El nuevo proyecto busca aggiornar normas laborales, aunque con puntos que dividen aguas. Entre los m\u00e1s cuestionados, la figura del&nbsp;<strong>empleado p\u00fablico<\/strong>&nbsp;interino y las condiciones de ingreso, ascenso y estabilidad en la administraci\u00f3n p\u00fablica.<\/p>\n\n\n\n<p>Los gremios sostienen que la reforma precariza el trabajo y abre la puerta a designaciones discrecionales, mientras que el Gobierno defiende la necesidad de&nbsp;<strong>modernizar el estatuto<\/strong>&nbsp;para \u201chacer m\u00e1s eficiente el Estado\u201d.<\/p>\n\n\n\n<h2 class=\"wp-block-heading\">El martes, la discusi\u00f3n en el Senado<\/h2>\n\n\n\n<p>Con la oposici\u00f3n unida en el rechazo y el oficialismo decidido a avanzar, el&nbsp;<strong>Senado<\/strong>&nbsp;ser\u00e1 escenario de una votaci\u00f3n pol\u00e9mica que podr\u00eda darse el pr\u00f3ximo&nbsp;<strong>martes<\/strong>.<\/p>\n\n\n\n<p>El resultado ya parece definido por el desempate de Hebe Casado, pero lo que se discute es la legitimidad de una reforma que, sin consensos, podr\u00eda generar nuevos conflictos con los sindicatos.<\/p>\n\n\n\n<p><strong>Fuente: www.diariouno.com.ar<\/strong><\/p>\n","protected":false},"excerpt":{"rendered":"<p>La reforma al Estatuto del\u00a0Empleado P\u00fablico\u00a0(Ley 5126, vigente desde 1973) avanza hacia su aprobaci\u00f3n definitiva en Mendoza, aunque el camino no ser\u00e1 sencillo. El proyecto ya cuenta con media sanci\u00f3n de Diputados, pero en el Senado la oposici\u00f3n se abroquel\u00f3 en contra y anticipa que votar\u00e1 en bloque para rechazarlo. La iniciativa, impulsada por el\u00a0oficialismo, [&hellip;]<\/p>\n","protected":false},"author":2,"featured_media":14948,"comment_status":"open","ping_status":"open","sticky":false,"template":"","format":"standard","meta":[],"categories":[47],"tags":[],"_links":{"self":[{"href":"https:\/\/pasaenmendoza.com\/index.php?rest_route=\/wp\/v2\/posts\/14947"}],"collection":[{"href":"https:\/\/pasaenmendoza.com\/index.php?rest_route=\/wp\/v2\/posts"}],"about":[{"href":"https:\/\/pasaenmendoza.com\/index.php?rest_route=\/wp\/v2\/types\/post"}],"author":[{"embeddable":true,"href":"https:\/\/pasaenmendoza.com\/index.php?rest_route=\/wp\/v2\/users\/2"}],"replies":[{"embeddable":true,"href":"https:\/\/pasaenmendoza.com\/index.php?rest_route=%2Fwp%2Fv2%2Fcomments&post=14947"}],"version-history":[{"count":1,"href":"https:\/\/pasaenmendoza.com\/index.php?rest_route=\/wp\/v2\/posts\/14947\/revisions"}],"predecessor-version":[{"id":14949,"href":"https:\/\/pasaenmendoza.com\/index.php?rest_route=\/wp\/v2\/posts\/14947\/revisions\/14949"}],"wp:featuredmedia":[{"embeddable":true,"href":"https:\/\/pasaenmendoza.com\/index.php?rest_route=\/wp\/v2\/media\/14948"}],"wp:attachment":[{"href":"https:\/\/pasaenmendoza.com\/index.php?rest_route=%2Fwp%2Fv2%2Fmedia&parent=14947"}],"wp:term":[{"taxonomy":"category","embeddable":true,"href":"https:\/\/pasaenmendoza.com\/index.php?rest_route=%2Fwp%2Fv2%2Fcategories&post=14947"},{"taxonomy":"post_tag","embeddable":true,"href":"https:\/\/pasaenmendoza.com\/index.php?rest_route=%2Fwp%2Fv2%2Ftags&post=14947"}],"curies":[{"name":"wp","href":"https:\/\/api.w.org\/{rel}","templated":true}]}}