{"id":14950,"date":"2025-09-25T20:55:59","date_gmt":"2025-09-25T18:55:59","guid":{"rendered":"https:\/\/pasaenmendoza.com\/?p=14950"},"modified":"2025-09-25T20:56:00","modified_gmt":"2025-09-25T18:56:00","slug":"sigue-detenido-el-conductor-del-micro-que-atropello-y-mato-a-dos-hermanitas-en-las-heras","status":"publish","type":"post","link":"https:\/\/pasaenmendoza.com\/?p=14950","title":{"rendered":"Sigue detenido el conductor del micro que atropell\u00f3 y mat\u00f3 a dos hermanitas en Las Heras"},"content":{"rendered":"\n<p>El chofer del micro del Grupo 600 que\u00a0<strong>atropell\u00f3\u00a0<\/strong>a dos hermanitas de 10 y 12 a\u00f1os permanece\u00a0<strong>detenido<\/strong>\u00a0a disposici\u00f3n de la Justicia, mientras avanzan con los peritajes y an\u00e1lisis de prueba para determinar c\u00f3mo ocurri\u00f3 el\u00a0<strong>accidente\u00a0<\/strong>en\u00a0<strong>Las Heras<\/strong>. Seg\u00fan los informes se decidir\u00e1 si el hombre es imputado o no.<\/p>\n\n\n\n<p>La causa es comandada por la nueva fiscal de Tr\u00e1nsito\u00a0<strong>Giselle Lana<\/strong>, quien espera los resultados de las pericias que se realizaron en la tarde y noche del mi\u00e9rcoles en el lugar del\u00a0<strong>accidente<\/strong>, en el Algarrobal,\u00a0<strong>Las Heras<\/strong>.<\/p>\n\n\n\n<p>A trav\u00e9s de un escueto comunicado se\u00f1alaron que con los informes en la mano definir\u00e1n la situaci\u00f3n procesal del\u00a0<strong>chofer\u00a0<\/strong>del micro que\u00a0<strong>atropell\u00f3\u00a0<\/strong>a las\u00a0<strong>hermanitas\u00a0<\/strong>y provoc\u00f3 su\u00a0<strong>muerte<\/strong>.<\/p>\n\n\n\n<p>Entre estas pericias est\u00e1 el an\u00e1lisis de las&nbsp;<strong>c\u00e1maras de seguridad<\/strong>&nbsp;de los micros, adem\u00e1s de la&nbsp;<strong>velocidad&nbsp;<\/strong>a la que circulaba y si hubo alg\u00fan tipo de&nbsp;<strong>negligencia&nbsp;<\/strong>del chofer.<\/p>\n\n\n\n<p>As\u00ed decidir\u00e1n si el hombre es&nbsp;<strong>imputado&nbsp;<\/strong>o no. Si bien todav\u00eda no sucede, es una posibilidad que la acusaci\u00f3n en su contra sea de homicidio agravado por tratarse de&nbsp;<strong>dos v\u00edctimas fatales<\/strong>, lo que prev\u00e9 una pena de 3 a 6 a\u00f1os.<\/p>\n\n\n\n<h2 class=\"wp-block-heading\">El conductor qued\u00f3 detenido tras el accidente fatal<\/h2>\n\n\n\n<p>El tr\u00e1gico hecho ocurri\u00f3 pasadas las 18 del mi\u00e9rcoles en calle Lavalle al 10.530, o ruta provincial 28, de El Algarrobal, en<strong>&nbsp;Las Heras<\/strong>, cuando las hermanas de 10 y 12 a\u00f1os viajaban en un colectivo del Grupo 600 hacia el este.<\/p>\n\n\n\n<p>Cuando se bajaron del micro, y seg\u00fan algunos indicios, las ni\u00f1as habr\u00edan pasado por\u00a0<strong>detr\u00e1s\u00a0<\/strong>del mismo y al intentar cruzar hacia el margen norte de la calle fueron\u00a0<strong>atropelladas\u00a0<\/strong>por otra unidad del Grupo 600 que iba hacia el oeste.<\/p>\n\n\n\n<p>El\u00a0<strong>chofer\u00a0<\/strong>del micro qued\u00f3 paralizado en el mismo lugar, mientras que los cuerpos de las nenas quedaron tendidos sobre la\u00a0<strong>calzada<\/strong>. Los vecinos\u00a0salieron de sus casas para ver qu\u00e9 pasaba\u00a0cuando se encontraron con la terrible escena.<\/p>\n\n\n\n<p>Incluso una mujer que vive a pocos metros de all\u00ed habr\u00eda sido quien sac\u00f3 unas mantas y&nbsp;<strong>las tap\u00f3<\/strong>&nbsp;para que no quedaran expuestas, y la gente las viera de esa manera.<\/p>\n\n\n\n<p>La&nbsp;<strong>Polic\u00eda&nbsp;<\/strong>y ambulancias llegaron all\u00ed, y los m\u00e9dicos confirmaron que las dos nenas hab\u00edan&nbsp;<strong>muerto&nbsp;<\/strong>como consecuencia del fuerte&nbsp;<strong>golpe&nbsp;<\/strong>que sufrieron. La llegada de sus familiares en el lugar fue otra escena de mucha tristeza.<\/p>\n\n\n\n<p>Por otro lado se\u00f1alaron que el chofer que qued\u00f3\u00a0<strong>detenido<\/strong>\u00a0tambi\u00e9n estaba shockeado por lo ocurrido, y sus compa\u00f1eros destacaron que lleva a\u00f1os en la empresa y que nunca tuvo ning\u00fan problema con su trabajo.<\/p>\n\n\n\n<p><strong>Fuente: www.diariouno.com.ar<\/strong><\/p>\n","protected":false},"excerpt":{"rendered":"<p>El chofer del micro del Grupo 600 que\u00a0atropell\u00f3\u00a0a dos hermanitas de 10 y 12 a\u00f1os permanece\u00a0detenido\u00a0a disposici\u00f3n de la Justicia, mientras avanzan con los peritajes y an\u00e1lisis de prueba para determinar c\u00f3mo ocurri\u00f3 el\u00a0accidente\u00a0en\u00a0Las Heras. Seg\u00fan los informes se decidir\u00e1 si el hombre es imputado o no. La causa es comandada por la nueva fiscal [&hellip;]<\/p>\n","protected":false},"author":2,"featured_media":14951,"comment_status":"open","ping_status":"open","sticky":false,"template":"","format":"standard","meta":[],"categories":[48],"tags":[],"_links":{"self":[{"href":"https:\/\/pasaenmendoza.com\/index.php?rest_route=\/wp\/v2\/posts\/14950"}],"collection":[{"href":"https:\/\/pasaenmendoza.com\/index.php?rest_route=\/wp\/v2\/posts"}],"about":[{"href":"https:\/\/pasaenmendoza.com\/index.php?rest_route=\/wp\/v2\/types\/post"}],"author":[{"embeddable":true,"href":"https:\/\/pasaenmendoza.com\/index.php?rest_route=\/wp\/v2\/users\/2"}],"replies":[{"embeddable":true,"href":"https:\/\/pasaenmendoza.com\/index.php?rest_route=%2Fwp%2Fv2%2Fcomments&post=14950"}],"version-history":[{"count":1,"href":"https:\/\/pasaenmendoza.com\/index.php?rest_route=\/wp\/v2\/posts\/14950\/revisions"}],"predecessor-version":[{"id":14952,"href":"https:\/\/pasaenmendoza.com\/index.php?rest_route=\/wp\/v2\/posts\/14950\/revisions\/14952"}],"wp:featuredmedia":[{"embeddable":true,"href":"https:\/\/pasaenmendoza.com\/index.php?rest_route=\/wp\/v2\/media\/14951"}],"wp:attachment":[{"href":"https:\/\/pasaenmendoza.com\/index.php?rest_route=%2Fwp%2Fv2%2Fmedia&parent=14950"}],"wp:term":[{"taxonomy":"category","embeddable":true,"href":"https:\/\/pasaenmendoza.com\/index.php?rest_route=%2Fwp%2Fv2%2Fcategories&post=14950"},{"taxonomy":"post_tag","embeddable":true,"href":"https:\/\/pasaenmendoza.com\/index.php?rest_route=%2Fwp%2Fv2%2Ftags&post=14950"}],"curies":[{"name":"wp","href":"https:\/\/api.w.org\/{rel}","templated":true}]}}