{"id":14953,"date":"2025-09-26T15:34:47","date_gmt":"2025-09-26T13:34:47","guid":{"rendered":"https:\/\/pasaenmendoza.com\/?p=14953"},"modified":"2025-09-26T15:34:48","modified_gmt":"2025-09-26T13:34:48","slug":"el-tiempo-en-mendoza-alerta-amarilla-por-tormentas-y-zonda-en-distintos-puntos-de-la-provincia","status":"publish","type":"post","link":"https:\/\/pasaenmendoza.com\/?p=14953","title":{"rendered":"El tiempo en Mendoza: alerta amarilla por tormentas y Zonda en distintos puntos de la provincia"},"content":{"rendered":"\n<p>El Servicio Meteorol\u00f3gico Nacional (SMN) lanz\u00f3 una advertencia para este viernes 26 de septiembre por la llegada de tormentas, fuertes r\u00e1fagas de viento y la presencia de Zonda en distintas zonas de Mendoza. Las alertas rigen para gran parte del territorio provincial y se mantendr\u00e1n activas durante toda la jornada.<\/p>\n\n\n\n<p><em>\u201cNubosidad variable e inestable con lluvias y tormentas, poco cambio de la temperatura, vientos moderados a algo fuertes del sector sur. Nevadas en cordillera. Tormentas severas en sectores del llano\u201d<\/em>, indica Contingencias Clim\u00e1ticas. La m\u00e1xima estimada ser\u00e1 de 27 grados, mientras que la m\u00ednima se ubicar\u00e1 en 12 grados.<\/p>\n\n\n\n<p>El organismo inform\u00f3 que rige alerta amarilla por tormentas en el este de Las Heras, La Paz, Lavalle, San Mart\u00edn, Santa Rosa, Jun\u00edn, Rivadavia, Luj\u00e1n de Cuyo, San Carlos, Tunuy\u00e1n y Tupungato. La advertencia tambi\u00e9n alcanza a los departamentos del sur, como General Alvear y San Rafael. Se espera abundante ca\u00edda de agua en cortos per\u00edodos, posible granizo, actividad el\u00e9ctrica y r\u00e1fagas que podr\u00edan superar los 90 km\/h.<\/p>\n\n\n\n<p>A la par, el SMN estableci\u00f3 alerta amarilla por vientos en toda la provincia. En zonas llanas, las r\u00e1fagas oscilar\u00e1n entre 40 y 60 km\/h, aunque podr\u00edan trepar a 90 km\/h. En el \u00e1rea cordillerana se prev\u00e9n vientos del oeste de entre 50 y 75 km\/h, con r\u00e1fagas que podr\u00edan superar los 100 km\/h.<\/p>\n\n\n\n<p>El Zonda tambi\u00e9n ser\u00e1 protagonista en la jornada, con especial incidencia en la precordillera de Las Heras y Luj\u00e1n de Cuyo, adem\u00e1s de la zona baja de Malarg\u00fce. All\u00ed, se anticipan r\u00e1fagas de entre 35 y 50 km\/h, que en algunos sectores podr\u00edan alcanzar los 70 km\/h. Seg\u00fan el SMN, las condiciones podr\u00edan generar complicaciones en la visibilidad y riesgos asociados a la sequedad ambiental.<\/p>\n\n\n\n<p><strong>Fuente: www.elsol.com.ar<\/strong><\/p>\n","protected":false},"excerpt":{"rendered":"<p>El Servicio Meteorol\u00f3gico Nacional (SMN) lanz\u00f3 una advertencia para este viernes 26 de septiembre por la llegada de tormentas, fuertes r\u00e1fagas de viento y la presencia de Zonda en distintas zonas de Mendoza. Las alertas rigen para gran parte del territorio provincial y se mantendr\u00e1n activas durante toda la jornada. \u201cNubosidad variable e inestable con [&hellip;]<\/p>\n","protected":false},"author":2,"featured_media":14954,"comment_status":"open","ping_status":"open","sticky":false,"template":"","format":"standard","meta":[],"categories":[52],"tags":[],"_links":{"self":[{"href":"https:\/\/pasaenmendoza.com\/index.php?rest_route=\/wp\/v2\/posts\/14953"}],"collection":[{"href":"https:\/\/pasaenmendoza.com\/index.php?rest_route=\/wp\/v2\/posts"}],"about":[{"href":"https:\/\/pasaenmendoza.com\/index.php?rest_route=\/wp\/v2\/types\/post"}],"author":[{"embeddable":true,"href":"https:\/\/pasaenmendoza.com\/index.php?rest_route=\/wp\/v2\/users\/2"}],"replies":[{"embeddable":true,"href":"https:\/\/pasaenmendoza.com\/index.php?rest_route=%2Fwp%2Fv2%2Fcomments&post=14953"}],"version-history":[{"count":1,"href":"https:\/\/pasaenmendoza.com\/index.php?rest_route=\/wp\/v2\/posts\/14953\/revisions"}],"predecessor-version":[{"id":14955,"href":"https:\/\/pasaenmendoza.com\/index.php?rest_route=\/wp\/v2\/posts\/14953\/revisions\/14955"}],"wp:featuredmedia":[{"embeddable":true,"href":"https:\/\/pasaenmendoza.com\/index.php?rest_route=\/wp\/v2\/media\/14954"}],"wp:attachment":[{"href":"https:\/\/pasaenmendoza.com\/index.php?rest_route=%2Fwp%2Fv2%2Fmedia&parent=14953"}],"wp:term":[{"taxonomy":"category","embeddable":true,"href":"https:\/\/pasaenmendoza.com\/index.php?rest_route=%2Fwp%2Fv2%2Fcategories&post=14953"},{"taxonomy":"post_tag","embeddable":true,"href":"https:\/\/pasaenmendoza.com\/index.php?rest_route=%2Fwp%2Fv2%2Ftags&post=14953"}],"curies":[{"name":"wp","href":"https:\/\/api.w.org\/{rel}","templated":true}]}}