{"id":14962,"date":"2025-09-26T15:48:53","date_gmt":"2025-09-26T13:48:53","guid":{"rendered":"https:\/\/pasaenmendoza.com\/?p=14962"},"modified":"2025-09-26T15:48:54","modified_gmt":"2025-09-26T13:48:54","slug":"el-chofer-que-atropello-a-las-hermanitas-no-fue-acusado-y-lo-liberaron","status":"publish","type":"post","link":"https:\/\/pasaenmendoza.com\/?p=14962","title":{"rendered":"El chofer que atropell\u00f3 a las hermanitas no fue acusado y lo liberaron"},"content":{"rendered":"\n<p>\u00a0La\u00a0<strong>Fiscal\u00eda de Tr\u00e1nsito orden\u00f3 la liberaci\u00f3n del chofer\u00a0<\/strong>del colectivo que\u00a0<strong>atropell\u00f3 y mat\u00f3 a dos hermanitas\u00a0de 10 y 12 a\u00f1os en Las Heras<\/strong>. El conductor estuvo en calidad de\u00a0<strong>aprehendido por m\u00e1s de 24 horas<\/strong>\u00a0en la comisar\u00eda de El Algarrobal. La fiscal a cargo no confeccion\u00f3 todav\u00eda el avoque de\u00a0<strong>imputaci\u00f3n<\/strong>, ya que los primeros peritajes indicaron que\u00a0<strong>no tuvo responsabilidad en el accidente.<\/strong><\/p>\n\n\n\n<p>El hecho ocurri\u00f3 el mi\u00e9rcoles pasado y result\u00f3 en la muerte de Brisa y Micaela, quienes fueron atropelladas por un colectivo del Grupo 600. Tras el accidente, la fiscal Giselle Lana aguard\u00f3 los informes de Polic\u00eda Cient\u00edfica para esclarecer lo sucedido. Seg\u00fan los primeros resultados, no se detectaron elementos que se\u00f1alaran al conductor como responsable del tr\u00e1gico hecho.<\/p>\n\n\n\n<p>En este contexto, el colectivero fue sometido a una declaraci\u00f3n informativa, una instancia que no lo convierte en acusado ni en testigo dentro de la causa. Luego de este procedimiento, recuper\u00f3 su libertad, aunque continuar\u00e1 vinculado al proceso judicial mientras avanzan las investigaciones.<\/p>\n\n\n\n<p>Fuentes judiciales informaron que el expediente podr\u00eda archivarse si no surgen nuevas pruebas que indiquen que el conductor actu\u00f3 con imprudencia o negligencia.\u00a0<\/p>\n\n\n\n<p>La Fiscal\u00eda tambi\u00e9n espera los resultados de peritajes adicionales, como la determinaci\u00f3n de la velocidad a la que circulaba el colectivo, para definir los pr\u00f3ximos pasos de la investigaci\u00f3n.<\/p>\n\n\n\n<p>La tragedia<\/p>\n\n\n\n<p>Ell fat\u00eddico\u00a0<strong>accidente de tr\u00e1nsito<\/strong>\u00a0ocurri\u00f3 el mi\u00e9rcoles por la tarde en el distrito El Algarrobal, en\u00a0<strong>Las Heras. L<\/strong>a\u00a0<strong>muerte de las dos hermanitas,\u00a0 que asist\u00edan a la escuela primaria, conmovi\u00f3 a la zona.<\/strong><\/p>\n\n\n\n<p>Las menores, tras<strong>&nbsp;descender de un colectivo<\/strong>, fueron&nbsp;<strong>impactadas por otro micro del Grupo 600, cuyo chofer fue liberado.<\/strong><\/p>\n\n\n\n<p>El tr\u00e1gico hecho ocurri\u00f3 alrededor de las 18.10 en\u00a0<strong>calle Lavalle al 10.500<\/strong>. Aunque los testigos llamaron de inmediato al 911 al ver a las ni\u00f1as tiradas en el piso, el fallecimiento fue casi instant\u00e1neo. Cuando los profesionales y polic\u00edas llegaron al lugar, constataron<\/p>\n\n\n\n<p><strong>Fuente: www.mendozapost.com<\/strong><\/p>\n","protected":false},"excerpt":{"rendered":"<p>\u00a0La\u00a0Fiscal\u00eda de Tr\u00e1nsito orden\u00f3 la liberaci\u00f3n del chofer\u00a0del colectivo que\u00a0atropell\u00f3 y mat\u00f3 a dos hermanitas\u00a0de 10 y 12 a\u00f1os en Las Heras. El conductor estuvo en calidad de\u00a0aprehendido por m\u00e1s de 24 horas\u00a0en la comisar\u00eda de El Algarrobal. La fiscal a cargo no confeccion\u00f3 todav\u00eda el avoque de\u00a0imputaci\u00f3n, ya que los primeros peritajes indicaron que\u00a0no [&hellip;]<\/p>\n","protected":false},"author":2,"featured_media":14963,"comment_status":"open","ping_status":"open","sticky":false,"template":"","format":"standard","meta":[],"categories":[48],"tags":[],"_links":{"self":[{"href":"https:\/\/pasaenmendoza.com\/index.php?rest_route=\/wp\/v2\/posts\/14962"}],"collection":[{"href":"https:\/\/pasaenmendoza.com\/index.php?rest_route=\/wp\/v2\/posts"}],"about":[{"href":"https:\/\/pasaenmendoza.com\/index.php?rest_route=\/wp\/v2\/types\/post"}],"author":[{"embeddable":true,"href":"https:\/\/pasaenmendoza.com\/index.php?rest_route=\/wp\/v2\/users\/2"}],"replies":[{"embeddable":true,"href":"https:\/\/pasaenmendoza.com\/index.php?rest_route=%2Fwp%2Fv2%2Fcomments&post=14962"}],"version-history":[{"count":1,"href":"https:\/\/pasaenmendoza.com\/index.php?rest_route=\/wp\/v2\/posts\/14962\/revisions"}],"predecessor-version":[{"id":14964,"href":"https:\/\/pasaenmendoza.com\/index.php?rest_route=\/wp\/v2\/posts\/14962\/revisions\/14964"}],"wp:featuredmedia":[{"embeddable":true,"href":"https:\/\/pasaenmendoza.com\/index.php?rest_route=\/wp\/v2\/media\/14963"}],"wp:attachment":[{"href":"https:\/\/pasaenmendoza.com\/index.php?rest_route=%2Fwp%2Fv2%2Fmedia&parent=14962"}],"wp:term":[{"taxonomy":"category","embeddable":true,"href":"https:\/\/pasaenmendoza.com\/index.php?rest_route=%2Fwp%2Fv2%2Fcategories&post=14962"},{"taxonomy":"post_tag","embeddable":true,"href":"https:\/\/pasaenmendoza.com\/index.php?rest_route=%2Fwp%2Fv2%2Ftags&post=14962"}],"curies":[{"name":"wp","href":"https:\/\/api.w.org\/{rel}","templated":true}]}}