{"id":14965,"date":"2025-09-26T21:58:07","date_gmt":"2025-09-26T19:58:07","guid":{"rendered":"https:\/\/pasaenmendoza.com\/?p=14965"},"modified":"2025-09-26T21:58:08","modified_gmt":"2025-09-26T19:58:08","slug":"mas-de-200-artistas-se-reunen-este-fin-de-semana-para-dibujar-en-vivo-espacios-urbanos-de-mendoza","status":"publish","type":"post","link":"https:\/\/pasaenmendoza.com\/?p=14965","title":{"rendered":"M\u00e1s de 200 artistas se re\u00fanen este fin de semana para dibujar en vivo espacios urbanos de Mendoza"},"content":{"rendered":"\n<p>Durante tres d\u00edas, Mendoza se transformar\u00e1 en un gran cuaderno al aire libre. Desde la plaza Independencia hasta el Cerro de la Gloria, pasando por\u00a0<strong>paseos urbanos<\/strong>, edificios patrimoniales, bodegas hist\u00f3ricas y parques, los rincones m\u00e1s emblem\u00e1ticos de la ciudad quedar\u00e1n plasmados en cientos de bocetos y acuarelas realizados en vivo por m\u00e1s de 200\u00a0<strong>artistas<\/strong>.<\/p>\n\n\n\n<p>Se trata del&nbsp;<strong>1\u00b0 Encuentro Federal de Urban Sketchers Argentina<\/strong>&nbsp;que reunir\u00e1 a m\u00e1s de 200 dibujantes provenientes de distintas provincias e invitados internacionales de Chile, Brasil y Uruguay. La cita comenzar\u00e1 este viernes a las 18 en el&nbsp;<strong>Museo Municipal de Arte Moderno de Mendoza (MMAMM)<\/strong>, con una apertura que incluir\u00e1 un recorrido por el centro hist\u00f3rico y un concierto del D\u00fao Nautas.<\/p>\n\n\n\n<p>\u201cEs hist\u00f3rico que Mendoza reciba este encuentro, porque ser\u00e1 la primera vez que\u00a0<strong>sketchers<\/strong>\u00a0de todo el pa\u00eds se junten a compartir, dibujar y mostrar c\u00f3mo este movimiento art\u00edstico viene creciendo\u201d, se\u00f1al\u00f3 <strong>Silvana Valdivia<\/strong>, productora general del evento y referente del cap\u00edtulo mendocino.<\/p>\n\n\n\n<p>En total ser\u00e1n 220 personas &#8211;<strong>artistas<\/strong>, estudiantes, arquitectos o simplemente amantes del dibujo- quienes le dar\u00e1n forma a un recorrido urbano para bocetar lugares patrimoniales, culturales y naturales de la&nbsp;<strong>Ciudad de Mendoza<\/strong>&nbsp;y de Godoy Cruz.<\/p>\n\n\n\n<p>Se trata de una movida in\u00e9dita para\u00a0<strong>Mendoza<\/strong>\u00a0que se origin\u00f3 en redes sociales hace casi dos d\u00e9cadas y pronto se form\u00f3 una\u00a0comunidad global de artistas urbanos\u00a0que dibujan las calles, los edificios y dem\u00e1s espacios p\u00fablicos de diferentes partes del mundo.<\/p>\n\n\n\n<h2 class=\"wp-block-heading\">\u00bfQu\u00e9 es ser un urban sketcher?<\/h2>\n\n\n\n<p>El t\u00e9rmino&nbsp;<strong>Urban Sketchers<\/strong>&nbsp;-abreviado como USK- refiere a esa comunidad global de dibujantes que naci\u00f3 en 2007, cuando el periodista e ilustrador espa\u00f1ol&nbsp;<strong>Gabriel Campanario<\/strong>&nbsp;impuls\u00f3 desde Seattle (Estados Unidos) la idea de retratar lo que cada uno ve\u00eda desde su ventana y compartirlo en redes.<\/p>\n\n\n\n<p>La iniciativa creci\u00f3 hasta transformarse en una red mundial con m\u00e1s de 500 cap\u00edtulos oficiales en 450 ciudades. Por el t\u00e9rmino &#8220;cap\u00edtulos&#8221; se refiere a los grupos formados en cada lugar.<\/p>\n\n\n\n<p>Su manifiesto es simple pero poderoso:\u00a0<strong>dibujar<\/strong>\u00a0lo que se observa in situ, compartir la experiencia en grupo y respetar la diversidad de estilos, m\u00e1s all\u00e1 de ser o no\u00a0<strong>artista<\/strong>.<\/p>\n\n\n\n<p>\u201cUn punto interesant\u00edsimo de este movimiento es que incentiva a dibujar en el lugar, a reunirse, a compartir. No se trata de talleres, no es que alguien ense\u00f1e a dibujar. Es juntarse a observar, a disfrutar y a registrar lo que tenemos delante, siendo&nbsp;<strong>artista<\/strong>&nbsp;o profesional del l\u00e1piz, o solo por el gusto de dibujar\u201d, explica la arquitecta Valdivia.<\/p>\n\n\n\n<p>El&nbsp;<strong>cap\u00edtulo Mendoza<\/strong>&nbsp;fue reconocido oficialmente en 2024. Desde entonces re\u00fane mensualmente a arquitectos, artistas, ilustradores, dise\u00f1adores y aficionados que salen a retratar diferentes puntos de las ciudades mendocinas, principalmente del Gran Mendoza.<\/p>\n\n\n\n<h2 class=\"wp-block-heading\">De Buenos Aires a Mendoza: la semilla federal<\/h2>\n\n\n\n<p>\u201cEmpezamos siendo 10 o 12 personas y hoy somos entre 40 y 70 los que nos encontramos regularmente. Lo m\u00e1s enriquecedor es la diversidad: hay estudiantes, profesionales, jubilados, viajeros que se enteran y se suman. Todos aportan algo distinto\u201d, cuenta Silvana quien junto a su equipo organizador lleva meses d\u00e1ndole forma a este encuentro.<\/p>\n\n\n\n<p>El crecimiento de la red en Argentina tuvo un hito el a\u00f1o pasado, cuando Buenos Aires fue sede del&nbsp;<strong>Simposio Internacional de Urban Sketchers 2024<\/strong>, un evento que cada a\u00f1o se realiza en distintas ciudades del mundo.<\/p>\n\n\n\n<p>\u201cAll\u00ed nos encontramos con sketchers de much\u00edsimos lugares y vimos la necesidad de conectarnos como cap\u00edtulos argentinos. Fue el puntapi\u00e9 para pensar en un encuentro federal. Se presentaron distintas propuestas y\u00a0<strong>Mendoza<\/strong>\u00a0fue elegida para ser anfitriona. Desde hace seis meses venimos trabajando intensamente para este momento\u201d, recuerda Valdivia.<\/p>\n\n\n\n<p>La organizaci\u00f3n del\u00a0<strong>Primer Encuentro Federal de Urban Sketchers<\/strong>\u00a0recay\u00f3 en un equipo de 11 personas, con el apoyo de la\u00a0Municipalidad de la\u00a0<strong>Ciudad de Mendoza<\/strong>, el Colegio de Arquitectos y otras instituciones p\u00fablicas y privadas.<\/p>\n\n\n\n<p>\u201cFue una tarea tit\u00e1nica, pero el entusiasmo que gener\u00f3 lo compensa todo\u201d, dice la&nbsp;<strong>artista<\/strong>.<\/p>\n\n\n\n<h2 class=\"wp-block-heading\">Tres d\u00edas de dibujo colectivo<\/h2>\n\n\n\n<p>El programa del encuentro invita a recorrer la ciudad con l\u00e1pices, acuarelas y cuadernos en mano.<\/p>\n\n\n\n<ul>\n<li><strong>Viernes 26<\/strong>:\u00a0apertura a las 18 en el MMAMM, luego de un recorrido por el centro hist\u00f3rico, con cierre musical a cargo del D\u00fao Nautas.<\/li>\n\n\n\n<li><strong>S\u00e1bado 27<\/strong>: los&nbsp;<strong>sketchers<\/strong>&nbsp;se desplegar\u00e1n en plazas y paseos como la San Mart\u00edn y la Espa\u00f1a, recorrer\u00e1n la Peatonal con paradas en el edificio G\u00f3mez y el Pasaje San Mart\u00edn, y visitar\u00e1n bodegas hist\u00f3ricas. En paralelo, en el multiespacio Planta Uno de Godoy Cruz se realizar\u00e1n demostraciones en vivo con t\u00e9cnicas de acuarela, perspectiva, entintado y figura humana, a cargo de referentes nacionales e internacionales, incluida la invitada chilena&nbsp;<strong>Flavia Dominique<\/strong>.<\/li>\n\n\n\n<li><strong>Domingo 28<\/strong>: la jornada se trasladar\u00e1 al Parque General San Mart\u00edn, con el Cerro de la Gloria como escenario principal. El cierre ser\u00e1 con un picnic en el Espacio de Fotograf\u00eda M\u00e1ximo Arias, donde los&nbsp;<strong>artistas<\/strong>&nbsp;compartir\u00e1n los trabajos realizados.<\/li>\n<\/ul>\n\n\n\n<p>\u201cLo maravilloso es que todas las actividades son abiertas y gratuitas. No hace falta inscribirse: cualquier persona puede acercarse a mirar, a dibujar, o simplemente a disfrutar del ambiente creativo que se genera\u201d, resalta Valdivia.<\/p>\n\n\n\n<h2 class=\"wp-block-heading\">Una pasi\u00f3n que supera expectativas<\/h2>\n\n\n\n<p>El entusiasmo desbord\u00f3 las previsiones iniciales. \u201cHa superado todas nuestras expectativas. Tuvimos que cerrar las inscripciones porque se colaps\u00f3\u201d, reconoce&nbsp;<strong>Silvana Valdivia<\/strong>.<\/p>\n\n\n\n<p>\u201cAl final, son 220 inscriptos de todas las provincias argentinas, desde Ushuaia hasta Tucum\u00e1n, Rosario, C\u00f3rdoba y Buenos Aires. Tambi\u00e9n recibiremos a invitados especiales de Chile, y participantes que viajar\u00e1n desde Brasil y Uruguay\u201d, detalla.<\/p>\n\n\n\n<p>Ese inter\u00e9s masivo habla de una movida en expansi\u00f3n. \u201c<strong>Urban<\/strong>&nbsp;<strong>Sketchers<\/strong>&nbsp;crece porque responde a una necesidad muy humana: observar, detenerse, conectarse con el entorno. En un mundo acelerado, salir a dibujar juntos es un acto de pausa y de comunidad\u201d, reflexiona.<\/p>\n\n\n\n<h2 class=\"wp-block-heading\">El dibujo como memoria urbana<\/h2>\n\n\n\n<p>M\u00e1s all\u00e1 del encuentro puntual, la pr\u00e1ctica de los&nbsp;<strong>sketchers<\/strong>&nbsp;deja una huella tangible en la memoria de las ciudades. Cada cuaderno es un archivo visual de calles, plazas y edificios en un momento determinado.<\/p>\n\n\n\n<p>\u201cLo que hacemos es registrar el presente. Cuando dibujamos una esquina, un edificio, una feria, estamos dejando un testimonio que en el futuro ser\u00e1 memoria urbana. Y lo hacemos desde miradas diversas, porque cada\u00a0<strong>artista<\/strong>\u00a0o persona tiene un estilo, una sensibilidad, una forma de contar lo que ve\u201d, explica Valdivia.<\/p>\n\n\n\n<p>Ese enfoque colectivo, donde conviven l\u00edneas r\u00e1pidas, acuarelas detalladas o trazos abstractos, es parte de la riqueza del movimiento. \u201cNo hay un \u00fanico modo de dibujar. Lo que nos une es la experiencia compartida y la pasi\u00f3n por mostrar el mundo, un&nbsp;<strong>dibujo<\/strong>&nbsp;a la vez\u201d, resume.<\/p>\n\n\n\n<h2 class=\"wp-block-heading\">Una movida global de artistas y un hito local<\/h2>\n\n\n\n<p>El encuentro federal que por primera vez se da cita este fin de semana en la&nbsp;<strong>Ciudad de Mendoza<\/strong>&nbsp;no est\u00e1 pensado solo para quienes ya integran la red.<\/p>\n\n\n\n<p>\u201cQueremos que los vecinos y vecinas se acerquen. Pueden traer sus cuadernos y sumarse, aunque sea la primera vez que dibujan. Tambi\u00e9n pueden simplemente mirar y disfrutar. Lo importante es ser parte del clima creativo que se va a generar en la ciudad\u201d, invita Valdivia.<\/p>\n\n\n\n<p>De hecho, el cap\u00edtulo local funciona con la misma l\u00f3gica inclusiva. \u201cSiempre aclaramos que no son talleres, que no se viene a aprender, sino a compartir. Pero lo curioso es que en esa din\u00e1mica se aprende much\u00edsimo, porque uno observa c\u00f3mo trabajan otros, intercambia materiales, recibe comentarios. Es muy enriquecedor\u201d, comenta la productora del evento de\u00a0<strong>dibujo<\/strong>\u00a0<strong>urbano<\/strong>.<\/p>\n\n\n\n<p>Con m\u00e1s de 1.200&nbsp;<strong>artistas<\/strong>&nbsp;activos en todo el mundo,&nbsp;<strong>Urban<\/strong>&nbsp;<strong>Sketchers<\/strong>&nbsp;se consolid\u00f3 como un movimiento art\u00edstico y social que combina arte, comunidad y observaci\u00f3n.&nbsp;<strong>Mendoza<\/strong>&nbsp;se suma a esa red global con un rol protag\u00f3nico al albergar este primer encuentro federal.<\/p>\n\n\n\n<p>\u201cPara nosotros es much\u00edsimo. Nos llena de orgullo que nuestro cap\u00edtulo sea el anfitri\u00f3n de algo tan grande. Y lo m\u00e1s lindo es que esto reci\u00e9n empieza. Creemos que este encuentro va a marcar un antes y un despu\u00e9s para&nbsp;<strong>Urban Sketchers<\/strong>&nbsp;en Argentina\u201d, concluye Valdivia.<\/p>\n\n\n\n<h2 class=\"wp-block-heading\">Dibujo mi ciudad para mirar distinto<\/h2>\n\n\n\n<p>El\u00a0<strong>Primer Encuentro Federal de Urban Sketchers<\/strong>\u00a0no ser\u00e1 solo una reuni\u00f3n de\u00a0<strong>artistas<\/strong>. Ser\u00e1 una\u00a0celebraci\u00f3n del\u00a0<strong>dibujo<\/strong>\u00a0como lenguaje universal, como herramienta de observaci\u00f3n y como puente entre personas y territorios.<\/p>\n\n\n\n<p>Durante tres d\u00edas, la&nbsp;<strong>Ciudad de Mendoza<\/strong>&nbsp;ser\u00e1 escenario de cientos de miradas traducidas en trazos. Una ciudad retratada desde \u00e1ngulos infinitos, en un momento \u00fanico. Una postal colectiva que quedar\u00e1 grabada tanto en los cuadernos de los&nbsp;<strong>sketchers<\/strong>&nbsp;como en la memoria urbana.<\/p>\n\n\n\n<p>Todas las actividades del encuentro son abiertas y gratuitas. No se requiere inscripci\u00f3n previa.<\/p>\n\n\n\n<p><strong>Fuente: www.diariouno.com.ar<\/strong><\/p>\n","protected":false},"excerpt":{"rendered":"<p>Durante tres d\u00edas, Mendoza se transformar\u00e1 en un gran cuaderno al aire libre. Desde la plaza Independencia hasta el Cerro de la Gloria, pasando por\u00a0paseos urbanos, edificios patrimoniales, bodegas hist\u00f3ricas y parques, los rincones m\u00e1s emblem\u00e1ticos de la ciudad quedar\u00e1n plasmados en cientos de bocetos y acuarelas realizados en vivo por m\u00e1s de 200\u00a0artistas. Se [&hellip;]<\/p>\n","protected":false},"author":2,"featured_media":14966,"comment_status":"open","ping_status":"open","sticky":false,"template":"","format":"standard","meta":[],"categories":[50],"tags":[],"_links":{"self":[{"href":"https:\/\/pasaenmendoza.com\/index.php?rest_route=\/wp\/v2\/posts\/14965"}],"collection":[{"href":"https:\/\/pasaenmendoza.com\/index.php?rest_route=\/wp\/v2\/posts"}],"about":[{"href":"https:\/\/pasaenmendoza.com\/index.php?rest_route=\/wp\/v2\/types\/post"}],"author":[{"embeddable":true,"href":"https:\/\/pasaenmendoza.com\/index.php?rest_route=\/wp\/v2\/users\/2"}],"replies":[{"embeddable":true,"href":"https:\/\/pasaenmendoza.com\/index.php?rest_route=%2Fwp%2Fv2%2Fcomments&post=14965"}],"version-history":[{"count":1,"href":"https:\/\/pasaenmendoza.com\/index.php?rest_route=\/wp\/v2\/posts\/14965\/revisions"}],"predecessor-version":[{"id":14967,"href":"https:\/\/pasaenmendoza.com\/index.php?rest_route=\/wp\/v2\/posts\/14965\/revisions\/14967"}],"wp:featuredmedia":[{"embeddable":true,"href":"https:\/\/pasaenmendoza.com\/index.php?rest_route=\/wp\/v2\/media\/14966"}],"wp:attachment":[{"href":"https:\/\/pasaenmendoza.com\/index.php?rest_route=%2Fwp%2Fv2%2Fmedia&parent=14965"}],"wp:term":[{"taxonomy":"category","embeddable":true,"href":"https:\/\/pasaenmendoza.com\/index.php?rest_route=%2Fwp%2Fv2%2Fcategories&post=14965"},{"taxonomy":"post_tag","embeddable":true,"href":"https:\/\/pasaenmendoza.com\/index.php?rest_route=%2Fwp%2Fv2%2Ftags&post=14965"}],"curies":[{"name":"wp","href":"https:\/\/api.w.org\/{rel}","templated":true}]}}