{"id":14975,"date":"2025-09-26T22:23:19","date_gmt":"2025-09-26T20:23:19","guid":{"rendered":"https:\/\/pasaenmendoza.com\/?p=14975"},"modified":"2025-09-26T22:23:20","modified_gmt":"2025-09-26T20:23:20","slug":"cornejo-y-pettovello-recorrieron-la-paz-y-confirmaron-la-llegada-de-bullrich-a-mendoza","status":"publish","type":"post","link":"https:\/\/pasaenmendoza.com\/?p=14975","title":{"rendered":"Cornejo y Pettovello recorrieron La Paz y confirmaron la llegada de Bullrich a Mendoza"},"content":{"rendered":"\n<p>El\u00a0<strong>Gobernador Alfredo Cornejo<\/strong>\u00a0y la\u00a0<strong>ministra de Capital Humano de la Naci\u00f3n,\u00a0Sandra Pettovello<\/strong>, recorrieron la\u00a0<strong>estaci\u00f3n de La Paz<\/strong>, donde culmin\u00f3 el paso del\u00a0<strong>Tren de Capital Humano<\/strong>\u00a0por Mendoza. La iniciativa acerc\u00f3\u00a0<strong>servicios de salud<\/strong>,\u00a0<strong>talleres educativos<\/strong>\u00a0y\u00a0<strong>asistencia social<\/strong>\u00a0de manera gratuita, gracias a la coordinaci\u00f3n entre\u00a0<strong>Naci\u00f3n<\/strong>,\u00a0<strong>Provincia<\/strong>\u00a0y los\u00a0<strong>municipios<\/strong>.<\/p>\n\n\n\n<p>Durante su paso por la provincia, el programa ofreci\u00f3\u00a0<strong>prestaciones m\u00e9dicas<\/strong>,\u00a0<strong>inmunizaciones<\/strong>,\u00a0<strong>diagn\u00f3sticos por im\u00e1genes<\/strong>, adem\u00e1s de\u00a0<strong>talleres educativos<\/strong>\u00a0y\u00a0<strong>atenci\u00f3n social<\/strong>. Tambi\u00e9n se sumaron aportes del\u00a0<strong>Gobierno de Mendoza<\/strong>\u00a0y de cada\u00a0<strong>municipio<\/strong>. El dispositivo benefici\u00f3 a m\u00e1s de\u00a0<strong>10.000 personas<\/strong>\u00a0en el \u00faltimo mes, incluyendo controles de\u00a0<strong>odontolog\u00eda<\/strong>\u00a0y\u00a0<strong>oftalmolog\u00eda<\/strong>, con la particularidad de que los\u00a0<strong>lentes<\/strong>\u00a0se fabrican en un vag\u00f3n acondicionado.<\/p>\n\n\n\n<p>El&nbsp;<strong>Programa Ver para Ser Libres<\/strong>&nbsp;permiti\u00f3 realizar&nbsp;<strong>controles oftalmol\u00f3gicos<\/strong>&nbsp;a ni\u00f1os de entre 6 y 12 a\u00f1os y entregar&nbsp;<strong>anteojos sin costo<\/strong>. A su vez, los vecinos pudieron hacer tr\u00e1mites de&nbsp;<strong>ANSES<\/strong>&nbsp;y&nbsp;<strong>Renaper<\/strong>, participar de actividades culturales con material de la&nbsp;<strong>Biblioteca Nacional Mariano Moreno<\/strong>&nbsp;y la&nbsp;<strong>Biblioteca del Congreso de la Naci\u00f3n<\/strong>, y acceder a propuestas de la&nbsp;<strong>Oficina de Empleo<\/strong>&nbsp;y la&nbsp;<strong>biblioteca infantil<\/strong>.<\/p>\n\n\n\n<p>En el recorrido estuvieron presentes el\u00a0<strong>intendente de La Paz, Fernando Ubieta<\/strong>, el\u00a0<strong>ministro de Educaci\u00f3n, Cultura, Infancias y DGE, Tadeo Garc\u00eda Zalazar<\/strong>, y autoridades de distintos niveles de gobierno.<\/p>\n\n\n\n<h3 class=\"wp-block-heading\">Refuerzos en seguridad<\/h3>\n\n\n\n<p>En materia de&nbsp;<strong>seguridad<\/strong>, el mandatario confirm\u00f3 la visita de la&nbsp;<strong>ministra Patricia Bullrich<\/strong>&nbsp;a Mendoza. Seg\u00fan detall\u00f3, presentar\u00e1&nbsp;<strong>comisar\u00edas m\u00f3viles<\/strong>&nbsp;y anunci\u00f3 la apertura de una sede de la&nbsp;<strong>Polic\u00eda Federal<\/strong>&nbsp;en&nbsp;<strong>Guaymall\u00e9n<\/strong>, donde funcionar\u00e1 la&nbsp;<strong>Regional Cuyo<\/strong>. El objetivo es sumar efectivos federales, una demanda hist\u00f3rica de la provincia.<\/p>\n\n\n\n<h3 class=\"wp-block-heading\">Pobreza, educaci\u00f3n y respaldo internacional<\/h3>\n\n\n\n<p>Consultado por los datos recientes del\u00a0<strong>INDEC<\/strong>\u00a0sobre\u00a0<strong>pobreza<\/strong>, Cornejo reconoci\u00f3 la baja de los \u00edndices, pero advirti\u00f3 que \u201csigue siendo un porcentaje alto\u201d. Enfatiz\u00f3 que la salida requiere\u00a0<strong>empleo<\/strong>,\u00a0<strong>mejores salarios<\/strong>\u00a0y\u00a0<strong>crecimiento econ\u00f3mico<\/strong>. Adem\u00e1s, remarc\u00f3 el rol de la\u00a0<strong>educaci\u00f3n para el trabajo<\/strong>, al se\u00f1alar que los programas de\u00a0<strong>pasant\u00edas en empresas<\/strong>\u00a0brindan herramientas para superar la pobreza.<\/p>\n\n\n\n<p>En relaci\u00f3n al respaldo del&nbsp;<strong>Tesoro de Estados Unidos<\/strong>&nbsp;a la Argentina, sostuvo que la medida reduce la incertidumbre, pero que el pa\u00eds necesita&nbsp;<strong>equilibrio fiscal<\/strong>,&nbsp;<strong>simplificaci\u00f3n de impuestos<\/strong>&nbsp;y&nbsp;<strong>reformas laborales<\/strong>. Record\u00f3 que Mendoza ya alcanz\u00f3 el equilibrio y afirm\u00f3 que se requieren entre&nbsp;<strong>3.000 y 5.000 empresas nuevas<\/strong>&nbsp;para generar empleo privado.<\/p>\n\n\n\n<h3 class=\"wp-block-heading\">Transporte y movilidad urbana<\/h3>\n\n\n\n<p>Sobre la protesta de\u00a0<strong>taxistas<\/strong>, Cornejo destac\u00f3 que en Mendoza el servicio convive desde hace a\u00f1os con aplicaciones como\u00a0<strong>Uber<\/strong>\u00a0y\u00a0<strong>Cabify<\/strong>, conformando un sistema complementario. Indic\u00f3 que se licitaron\u00a0<strong>400 nuevas licencias de taxis<\/strong>\u00a0y que las tarifas se ajustan para garantizar m\u00e1s usuarios. \u201cCuantas m\u00e1s opciones haya, mejor ser\u00e1 la\u00a0<strong>movilidad urbana<\/strong>\u00a0y m\u00e1s beneficios tendr\u00e1 la ciudadan\u00eda\u201d, concluy\u00f3.<\/p>\n\n\n\n<p><strong>Fuente: www.diariomendoza.com.ar<\/strong><\/p>\n","protected":false},"excerpt":{"rendered":"<p>El\u00a0Gobernador Alfredo Cornejo\u00a0y la\u00a0ministra de Capital Humano de la Naci\u00f3n,\u00a0Sandra Pettovello, recorrieron la\u00a0estaci\u00f3n de La Paz, donde culmin\u00f3 el paso del\u00a0Tren de Capital Humano\u00a0por Mendoza. La iniciativa acerc\u00f3\u00a0servicios de salud,\u00a0talleres educativos\u00a0y\u00a0asistencia social\u00a0de manera gratuita, gracias a la coordinaci\u00f3n entre\u00a0Naci\u00f3n,\u00a0Provincia\u00a0y los\u00a0municipios. Durante su paso por la provincia, el programa ofreci\u00f3\u00a0prestaciones m\u00e9dicas,\u00a0inmunizaciones,\u00a0diagn\u00f3sticos por im\u00e1genes, adem\u00e1s de\u00a0talleres educativos\u00a0y\u00a0atenci\u00f3n [&hellip;]<\/p>\n","protected":false},"author":2,"featured_media":14976,"comment_status":"open","ping_status":"open","sticky":false,"template":"","format":"standard","meta":[],"categories":[47],"tags":[],"_links":{"self":[{"href":"https:\/\/pasaenmendoza.com\/index.php?rest_route=\/wp\/v2\/posts\/14975"}],"collection":[{"href":"https:\/\/pasaenmendoza.com\/index.php?rest_route=\/wp\/v2\/posts"}],"about":[{"href":"https:\/\/pasaenmendoza.com\/index.php?rest_route=\/wp\/v2\/types\/post"}],"author":[{"embeddable":true,"href":"https:\/\/pasaenmendoza.com\/index.php?rest_route=\/wp\/v2\/users\/2"}],"replies":[{"embeddable":true,"href":"https:\/\/pasaenmendoza.com\/index.php?rest_route=%2Fwp%2Fv2%2Fcomments&post=14975"}],"version-history":[{"count":1,"href":"https:\/\/pasaenmendoza.com\/index.php?rest_route=\/wp\/v2\/posts\/14975\/revisions"}],"predecessor-version":[{"id":14977,"href":"https:\/\/pasaenmendoza.com\/index.php?rest_route=\/wp\/v2\/posts\/14975\/revisions\/14977"}],"wp:featuredmedia":[{"embeddable":true,"href":"https:\/\/pasaenmendoza.com\/index.php?rest_route=\/wp\/v2\/media\/14976"}],"wp:attachment":[{"href":"https:\/\/pasaenmendoza.com\/index.php?rest_route=%2Fwp%2Fv2%2Fmedia&parent=14975"}],"wp:term":[{"taxonomy":"category","embeddable":true,"href":"https:\/\/pasaenmendoza.com\/index.php?rest_route=%2Fwp%2Fv2%2Fcategories&post=14975"},{"taxonomy":"post_tag","embeddable":true,"href":"https:\/\/pasaenmendoza.com\/index.php?rest_route=%2Fwp%2Fv2%2Ftags&post=14975"}],"curies":[{"name":"wp","href":"https:\/\/api.w.org\/{rel}","templated":true}]}}