{"id":14978,"date":"2025-09-29T13:34:07","date_gmt":"2025-09-29T11:34:07","guid":{"rendered":"https:\/\/pasaenmendoza.com\/?p=14978"},"modified":"2025-09-29T13:34:08","modified_gmt":"2025-09-29T11:34:08","slug":"el-tiempo-en-mendoza-lunes-primaveral-pero-ventoso","status":"publish","type":"post","link":"https:\/\/pasaenmendoza.com\/?p=14978","title":{"rendered":"El tiempo en Mendoza: lunes primaveral, pero ventoso"},"content":{"rendered":"\n<p>La temperatura m\u00e1xima para este lunes ser\u00e1 de 25 grados cent\u00edgrados, en tanto que la m\u00ednima se ubicar\u00e1 en 12 grados cent\u00edgrados.<\/p>\n\n\n\n<p>El d\u00eda estar\u00e1 \u201calgo nublado y ventoso con poco cambio de la temperatura, vientos moderados del sector sur\u201d.<\/p>\n\n\n\n<p>Habr\u00e1 circulaci\u00f3n de viento sur a norte desde las 11 hasta la medianoche, leve en general. En la zona Este, las velocidades promedio ser\u00e1n de 35 kil\u00f3metros por hora. Tambi\u00e9n afectar\u00e1 zona Sur y Noreste.<\/p>\n\n\n\n<p>Se espera viento Zonda en Malarg\u00fcey cordillera sur desde las 10 hasta las 19, con velocidades promedio de 40 kil\u00f3metros por hora.<\/p>\n\n\n\n<p>El tiempo en alta monta\u00f1a: \u201cNevadas en cordillera\u201d. Mal tiempo en zona Sur con precipitaciones al amanecer, luego se extender\u00e1 a zona central y las precipitaciones leves se mantendr\u00e1n hasta las 21.<\/p>\n\n\n\n<p><strong>Fuente: www.elsol.com.ar<\/strong><\/p>\n","protected":false},"excerpt":{"rendered":"<p>La temperatura m\u00e1xima para este lunes ser\u00e1 de 25 grados cent\u00edgrados, en tanto que la m\u00ednima se ubicar\u00e1 en 12 grados cent\u00edgrados. El d\u00eda estar\u00e1 \u201calgo nublado y ventoso con poco cambio de la temperatura, vientos moderados del sector sur\u201d. Habr\u00e1 circulaci\u00f3n de viento sur a norte desde las 11 hasta la medianoche, leve en [&hellip;]<\/p>\n","protected":false},"author":2,"featured_media":14979,"comment_status":"open","ping_status":"open","sticky":false,"template":"","format":"standard","meta":[],"categories":[52],"tags":[],"_links":{"self":[{"href":"https:\/\/pasaenmendoza.com\/index.php?rest_route=\/wp\/v2\/posts\/14978"}],"collection":[{"href":"https:\/\/pasaenmendoza.com\/index.php?rest_route=\/wp\/v2\/posts"}],"about":[{"href":"https:\/\/pasaenmendoza.com\/index.php?rest_route=\/wp\/v2\/types\/post"}],"author":[{"embeddable":true,"href":"https:\/\/pasaenmendoza.com\/index.php?rest_route=\/wp\/v2\/users\/2"}],"replies":[{"embeddable":true,"href":"https:\/\/pasaenmendoza.com\/index.php?rest_route=%2Fwp%2Fv2%2Fcomments&post=14978"}],"version-history":[{"count":1,"href":"https:\/\/pasaenmendoza.com\/index.php?rest_route=\/wp\/v2\/posts\/14978\/revisions"}],"predecessor-version":[{"id":14980,"href":"https:\/\/pasaenmendoza.com\/index.php?rest_route=\/wp\/v2\/posts\/14978\/revisions\/14980"}],"wp:featuredmedia":[{"embeddable":true,"href":"https:\/\/pasaenmendoza.com\/index.php?rest_route=\/wp\/v2\/media\/14979"}],"wp:attachment":[{"href":"https:\/\/pasaenmendoza.com\/index.php?rest_route=%2Fwp%2Fv2%2Fmedia&parent=14978"}],"wp:term":[{"taxonomy":"category","embeddable":true,"href":"https:\/\/pasaenmendoza.com\/index.php?rest_route=%2Fwp%2Fv2%2Fcategories&post=14978"},{"taxonomy":"post_tag","embeddable":true,"href":"https:\/\/pasaenmendoza.com\/index.php?rest_route=%2Fwp%2Fv2%2Ftags&post=14978"}],"curies":[{"name":"wp","href":"https:\/\/api.w.org\/{rel}","templated":true}]}}