{"id":14981,"date":"2025-09-29T13:39:51","date_gmt":"2025-09-29T11:39:51","guid":{"rendered":"https:\/\/pasaenmendoza.com\/?p=14981"},"modified":"2025-09-29T13:39:51","modified_gmt":"2025-09-29T11:39:51","slug":"patricia-bullrich-vuelve-a-mendoza-para-reforzar-la-campana-de-luis-petri","status":"publish","type":"post","link":"https:\/\/pasaenmendoza.com\/?p=14981","title":{"rendered":"Patricia Bullrich vuelve a Mendoza para reforzar la campa\u00f1a de Luis Petri"},"content":{"rendered":"\n<p>Dos ministros de Javier Milei estar\u00e1n en Mendoza este lunes por la tarde para realizar inauguraciones en el tren de la campa\u00f1a electoral para el 26 de octubre. Se trata del principal candidato del oficialismo, Luis Petri, que llegar\u00e1 acompa\u00f1ado por Patricia Bullrich.<\/p>\n\n\n\n<p>El arribo de la ministra de Seguridad hab\u00eda sido adelantado la semana pasada por su par mendocina, Mercedes Rus. Bullrich vuelve a Mendoza para cortar cintas en las nuevas sedes de dos fuerzas que est\u00e1n a su cargo. Ser\u00e1n recibidos por el gobernador Alfredo Cornejo.<\/p>\n\n\n\n<p>Por un lado, la nueva casa de la Polic\u00eda Federal, que estar\u00e1 ubicada frente a la Municipalidad de Guaymall\u00e9n.<\/p>\n\n\n\n<p>Luego se trasladar\u00e1 al distrito de Puente de Hierro, para inaugurar las oficinas de la Gendarmer\u00eda nacional.<\/p>\n\n\n\n<p>La agenda de Bullrich hab\u00eda sido pospuesta en varias ocasiones desde marzo, cuando estaba previsto que llegara para la Fiesta Nacional de la Vendimia. Pero circunstancias mayores, como las inundaciones en Bah\u00eda Blanca, obligaron a cambiar la agenda del Gobierno nacional.<\/p>\n\n\n\n<p>En tanto, Cornejo tendr\u00e1 durante la ma\u00f1ana su propia agenda nacional. Ser\u00e1 parte de la reuni\u00f3n del Consejo de Mayo, del que forma parte como representante de los gobernadores, donde se cocinan las pr\u00f3ximas reformas estructurales que est\u00e1n en la carpeta de la Casa Rosada.<\/p>\n\n\n\n<p><strong>Fuente: www.elsol.com.ar<\/strong><\/p>\n","protected":false},"excerpt":{"rendered":"<p>Dos ministros de Javier Milei estar\u00e1n en Mendoza este lunes por la tarde para realizar inauguraciones en el tren de la campa\u00f1a electoral para el 26 de octubre. Se trata del principal candidato del oficialismo, Luis Petri, que llegar\u00e1 acompa\u00f1ado por Patricia Bullrich. El arribo de la ministra de Seguridad hab\u00eda sido adelantado la semana [&hellip;]<\/p>\n","protected":false},"author":2,"featured_media":14982,"comment_status":"open","ping_status":"open","sticky":false,"template":"","format":"standard","meta":[],"categories":[47],"tags":[],"_links":{"self":[{"href":"https:\/\/pasaenmendoza.com\/index.php?rest_route=\/wp\/v2\/posts\/14981"}],"collection":[{"href":"https:\/\/pasaenmendoza.com\/index.php?rest_route=\/wp\/v2\/posts"}],"about":[{"href":"https:\/\/pasaenmendoza.com\/index.php?rest_route=\/wp\/v2\/types\/post"}],"author":[{"embeddable":true,"href":"https:\/\/pasaenmendoza.com\/index.php?rest_route=\/wp\/v2\/users\/2"}],"replies":[{"embeddable":true,"href":"https:\/\/pasaenmendoza.com\/index.php?rest_route=%2Fwp%2Fv2%2Fcomments&post=14981"}],"version-history":[{"count":1,"href":"https:\/\/pasaenmendoza.com\/index.php?rest_route=\/wp\/v2\/posts\/14981\/revisions"}],"predecessor-version":[{"id":14983,"href":"https:\/\/pasaenmendoza.com\/index.php?rest_route=\/wp\/v2\/posts\/14981\/revisions\/14983"}],"wp:featuredmedia":[{"embeddable":true,"href":"https:\/\/pasaenmendoza.com\/index.php?rest_route=\/wp\/v2\/media\/14982"}],"wp:attachment":[{"href":"https:\/\/pasaenmendoza.com\/index.php?rest_route=%2Fwp%2Fv2%2Fmedia&parent=14981"}],"wp:term":[{"taxonomy":"category","embeddable":true,"href":"https:\/\/pasaenmendoza.com\/index.php?rest_route=%2Fwp%2Fv2%2Fcategories&post=14981"},{"taxonomy":"post_tag","embeddable":true,"href":"https:\/\/pasaenmendoza.com\/index.php?rest_route=%2Fwp%2Fv2%2Ftags&post=14981"}],"curies":[{"name":"wp","href":"https:\/\/api.w.org\/{rel}","templated":true}]}}