{"id":14984,"date":"2025-09-29T13:46:21","date_gmt":"2025-09-29T11:46:21","guid":{"rendered":"https:\/\/pasaenmendoza.com\/?p=14984"},"modified":"2025-09-29T13:46:22","modified_gmt":"2025-09-29T11:46:22","slug":"fuerte-accidente-en-paso-de-los-andes-y-aristides-tiro-un-semaforo","status":"publish","type":"post","link":"https:\/\/pasaenmendoza.com\/?p=14984","title":{"rendered":"Fuerte accidente en Paso de los Andes y Ar\u00edstides: tir\u00f3 un sem\u00e1foro"},"content":{"rendered":"\n<p>En la ma\u00f1ana de este lunes, se produjo un fuerte accidente de tr\u00e1nsito en la intersecci\u00f3n de\u00a0<strong>Ar\u00edstides Villanueva<\/strong>\u00a0y\u00a0<strong>Paso de los Andes<\/strong>, en la\u00a0<strong>Ciudad de Mendoza<\/strong>, que involucr\u00f3 a dos veh\u00edculos.\u00a0<\/p>\n\n\n\n<p>Un\u00a0<strong>Chevrolet Corsa blanco<\/strong>\u00a0ven\u00eda por calle Ar\u00edstides Villanueva, mientras que un\u00a0<strong>Chevrolet Aveo<\/strong>\u00a0circulaba por Paso de los Andes en direcci\u00f3n norte.\u00a0<\/p>\n\n\n\n<p>El Corsa, al parecer, perdi\u00f3 el control y choc\u00f3 con el Aveo antes de impactar contra un sem\u00e1foro.\u00a0<\/p>\n\n\n\n<p>Tras el impacto, el veh\u00edculo termin\u00f3 sobre las contenciones negras que delimitan la v\u00eda, causando da\u00f1os significativos a ambos autom\u00f3viles.<\/p>\n\n\n\n<p>Afortunadamente, no hab\u00eda peatones en la vereda en el momento del accidente, lo que evit\u00f3 que la situaci\u00f3n resultara en lesiones graves. Las autoridades llegaron r\u00e1pidamente al lugar para atender a los involucrados y regular el tr\u00e1nsito en la zona.\u00a0<\/p>\n\n\n\n<p>Se espera que se realicen investigaciones para determinar las causas exactas del choque y si hubo alguna infracci\u00f3n por parte de los conductores.<\/p>\n\n\n\n<p><strong>Fuente: www.mendozapost.com<\/strong><\/p>\n","protected":false},"excerpt":{"rendered":"<p>En la ma\u00f1ana de este lunes, se produjo un fuerte accidente de tr\u00e1nsito en la intersecci\u00f3n de\u00a0Ar\u00edstides Villanueva\u00a0y\u00a0Paso de los Andes, en la\u00a0Ciudad de Mendoza, que involucr\u00f3 a dos veh\u00edculos.\u00a0 Un\u00a0Chevrolet Corsa blanco\u00a0ven\u00eda por calle Ar\u00edstides Villanueva, mientras que un\u00a0Chevrolet Aveo\u00a0circulaba por Paso de los Andes en direcci\u00f3n norte.\u00a0 El Corsa, al parecer, perdi\u00f3 el [&hellip;]<\/p>\n","protected":false},"author":2,"featured_media":14985,"comment_status":"open","ping_status":"open","sticky":false,"template":"","format":"standard","meta":[],"categories":[48],"tags":[],"_links":{"self":[{"href":"https:\/\/pasaenmendoza.com\/index.php?rest_route=\/wp\/v2\/posts\/14984"}],"collection":[{"href":"https:\/\/pasaenmendoza.com\/index.php?rest_route=\/wp\/v2\/posts"}],"about":[{"href":"https:\/\/pasaenmendoza.com\/index.php?rest_route=\/wp\/v2\/types\/post"}],"author":[{"embeddable":true,"href":"https:\/\/pasaenmendoza.com\/index.php?rest_route=\/wp\/v2\/users\/2"}],"replies":[{"embeddable":true,"href":"https:\/\/pasaenmendoza.com\/index.php?rest_route=%2Fwp%2Fv2%2Fcomments&post=14984"}],"version-history":[{"count":1,"href":"https:\/\/pasaenmendoza.com\/index.php?rest_route=\/wp\/v2\/posts\/14984\/revisions"}],"predecessor-version":[{"id":14986,"href":"https:\/\/pasaenmendoza.com\/index.php?rest_route=\/wp\/v2\/posts\/14984\/revisions\/14986"}],"wp:featuredmedia":[{"embeddable":true,"href":"https:\/\/pasaenmendoza.com\/index.php?rest_route=\/wp\/v2\/media\/14985"}],"wp:attachment":[{"href":"https:\/\/pasaenmendoza.com\/index.php?rest_route=%2Fwp%2Fv2%2Fmedia&parent=14984"}],"wp:term":[{"taxonomy":"category","embeddable":true,"href":"https:\/\/pasaenmendoza.com\/index.php?rest_route=%2Fwp%2Fv2%2Fcategories&post=14984"},{"taxonomy":"post_tag","embeddable":true,"href":"https:\/\/pasaenmendoza.com\/index.php?rest_route=%2Fwp%2Fv2%2Ftags&post=14984"}],"curies":[{"name":"wp","href":"https:\/\/api.w.org\/{rel}","templated":true}]}}