{"id":14990,"date":"2025-09-30T00:25:11","date_gmt":"2025-09-29T22:25:11","guid":{"rendered":"https:\/\/pasaenmendoza.com\/?p=14990"},"modified":"2025-09-30T00:25:12","modified_gmt":"2025-09-29T22:25:12","slug":"cornejo-llevo-al-consejo-de-mayo-un-diagnostico-para-mejorar-el-reparto-de-la-coparticipacion","status":"publish","type":"post","link":"https:\/\/pasaenmendoza.com\/?p=14990","title":{"rendered":"Cornejo llev\u00f3 al Consejo de Mayo un diagn\u00f3stico para mejorar el reparto de la coparticipaci\u00f3n"},"content":{"rendered":"\n<p>En una jornada marat\u00f3nica, repleta de reuniones en Buenos Aires,<strong>\u00a0Alfredo Cornejo\u00a0<\/strong>lleg\u00f3 a Casa Rosada para representar a los gobernadores en la mesa del\u00a0<strong>Consejo de Mayo<\/strong>. Esta vez acudi\u00f3 flanqueado del senador\u00a0<strong>Mart\u00edn Kerchner<\/strong>\u00a0y del diputado nacional\u00a0<strong>Lisandro Nieri<\/strong>, ambos del equipo de asesores econ\u00f3micos del mandatario.<\/p>\n\n\n\n<p>Es que sab\u00edan que en esta reuni\u00f3n, que comandaron Federico Sturzenegger y el jefe de Gabinete Guillermo Franco, se pondr\u00edan sobre la mesa varios diagn\u00f3sticos en torno a una posible<strong>\u00a0reforma fiscal y tributaria<\/strong>. Este lunes tambi\u00e9n particip\u00f3 el Secretario de Hacienda de la Naci\u00f3n, Carlos Guberman, quien tiene su rol central en la planificaci\u00f3n y adecuaci\u00f3n presupuestaria de la administraci\u00f3n p\u00fablica.<\/p>\n\n\n\n<p>&#8220;Se estuvo hablando sobre los distintos aspectos de la\u00a0<strong>reforma fiscal<\/strong>\u00a0y c\u00f3mo funcionan los impuestos nacionales y provinciales en la<strong>\u00a0coparticipac\u00f3n<\/strong>. Hay una necesidad de bajar el gasto para poder bajar impuestos&#8221;.<\/p>\n\n\n\n<p>Al parecer entorno a esas dos reformas hay varios diagn\u00f3sticos en la mesa que ahora se empezar\u00e1n a analizar con los distintos equipos t\u00e9cnicos, no s\u00f3lo de las provincias, sino tambi\u00e9n del sector empresarial.<\/p>\n\n\n\n<p>Seg\u00fan lo que trascendi\u00f3 el grupo de mendocinos llev\u00f3 a esta reuni\u00f3n del&nbsp;<strong>Consejo de Mayo<\/strong>&nbsp;la necesidad de&nbsp;<strong>eliminar las distorisiones&nbsp;<\/strong>que hoy existen en el&nbsp;<strong>reparto de fondos<\/strong>&nbsp;entre la Naci\u00f3n y las provincias.<\/p>\n\n\n\n<p>&#8220;Si hoy la&nbsp;<strong>coparticipaci\u00f3n&nbsp;<\/strong>se repartiera a las provincias con un criterio de pago perc\u00e1pita, es decir si la Naci\u00f3n pagara lo mismo por un poblador de Mendoza o uno del Chaco, en nuestra provincia podr\u00edamos bajar al 50% los impuestos provinciales, pero hay otras provincias que deber\u00edan multiplicar sus impuestos por 8. Pasa que actualmente el criterio del reparto de la coparticipaci\u00f3n es solidario y no premia a las jurisdicciones ordenadas&#8221;, cont\u00f3 uno de los part\u00edcipes de la reuni\u00f3n.<\/p>\n\n\n\n<h2 class=\"wp-block-heading\">La reforma tributaria, uno de los cambios que desvela a Milei<\/h2>\n\n\n\n<p>La&nbsp;<strong>reforma tributaria<\/strong>&nbsp;es una de las iniciativas que sin dudas desvela al presidente&nbsp;<strong>Javier Milei<\/strong>, porque la considera clave para poder incentivar a que lleguen mayores inversiones extranjeras en el pa\u00eds, brindando certidumbre en el plano impositivo tambi\u00e9n para las compa\u00f1\u00edas locales.<\/p>\n\n\n\n<p>Estas \u00faltimas se vieron afectadas por la&nbsp;<strong>apertura de las importaciones<\/strong>, que increment\u00f3 la competitividad, pero que gener\u00f3 fuertes desventajas para las empresas nacionales, debido a que deben competir con pa\u00edses de bajos costos estructurales sin que Argentina pueda cambiar su matriz tributaria.<\/p>\n\n\n\n<p>Puertas adentro de Casa Rosada asumen que pretenden\u00a0<strong>impulsar esa reforma para el pr\u00f3ximo a\u00f1o<\/strong>\u00a0ya que forma parte de las llamadas \u201creformas de segunda generaci\u00f3n\u201d, entre las cuales tambi\u00e9n se encuentra la reforma laboral, que se empez\u00f3 a discutir desde la reuni\u00f3n de julio pasado.<\/p>\n\n\n\n<p><strong>Fuente: www.diariouno.com.ar<\/strong><\/p>\n","protected":false},"excerpt":{"rendered":"<p>En una jornada marat\u00f3nica, repleta de reuniones en Buenos Aires,\u00a0Alfredo Cornejo\u00a0lleg\u00f3 a Casa Rosada para representar a los gobernadores en la mesa del\u00a0Consejo de Mayo. Esta vez acudi\u00f3 flanqueado del senador\u00a0Mart\u00edn Kerchner\u00a0y del diputado nacional\u00a0Lisandro Nieri, ambos del equipo de asesores econ\u00f3micos del mandatario. Es que sab\u00edan que en esta reuni\u00f3n, que comandaron Federico Sturzenegger [&hellip;]<\/p>\n","protected":false},"author":2,"featured_media":14991,"comment_status":"open","ping_status":"open","sticky":false,"template":"","format":"standard","meta":[],"categories":[47],"tags":[],"_links":{"self":[{"href":"https:\/\/pasaenmendoza.com\/index.php?rest_route=\/wp\/v2\/posts\/14990"}],"collection":[{"href":"https:\/\/pasaenmendoza.com\/index.php?rest_route=\/wp\/v2\/posts"}],"about":[{"href":"https:\/\/pasaenmendoza.com\/index.php?rest_route=\/wp\/v2\/types\/post"}],"author":[{"embeddable":true,"href":"https:\/\/pasaenmendoza.com\/index.php?rest_route=\/wp\/v2\/users\/2"}],"replies":[{"embeddable":true,"href":"https:\/\/pasaenmendoza.com\/index.php?rest_route=%2Fwp%2Fv2%2Fcomments&post=14990"}],"version-history":[{"count":1,"href":"https:\/\/pasaenmendoza.com\/index.php?rest_route=\/wp\/v2\/posts\/14990\/revisions"}],"predecessor-version":[{"id":14992,"href":"https:\/\/pasaenmendoza.com\/index.php?rest_route=\/wp\/v2\/posts\/14990\/revisions\/14992"}],"wp:featuredmedia":[{"embeddable":true,"href":"https:\/\/pasaenmendoza.com\/index.php?rest_route=\/wp\/v2\/media\/14991"}],"wp:attachment":[{"href":"https:\/\/pasaenmendoza.com\/index.php?rest_route=%2Fwp%2Fv2%2Fmedia&parent=14990"}],"wp:term":[{"taxonomy":"category","embeddable":true,"href":"https:\/\/pasaenmendoza.com\/index.php?rest_route=%2Fwp%2Fv2%2Fcategories&post=14990"},{"taxonomy":"post_tag","embeddable":true,"href":"https:\/\/pasaenmendoza.com\/index.php?rest_route=%2Fwp%2Fv2%2Ftags&post=14990"}],"curies":[{"name":"wp","href":"https:\/\/api.w.org\/{rel}","templated":true}]}}