{"id":14993,"date":"2025-09-30T00:28:13","date_gmt":"2025-09-29T22:28:13","guid":{"rendered":"https:\/\/pasaenmendoza.com\/?p=14993"},"modified":"2025-09-30T00:28:14","modified_gmt":"2025-09-29T22:28:14","slug":"el-ministro-de-educacion-propuso-sancionar-con-multa-a-los-padres-de-quienes-cometan-bullying","status":"publish","type":"post","link":"https:\/\/pasaenmendoza.com\/?p=14993","title":{"rendered":"El ministro de Educaci\u00f3n propuso sancionar con multa a los padres de quienes cometan bullying"},"content":{"rendered":"\n<p><strong>Tadeo Garc\u00eda Zalazar<\/strong>, ministro de Educaci\u00f3n y responsable de la Direcci\u00f3n General de Escuelas (DGE), propuso establecer la responsabilidad parental por acoso escolar (<strong>bullying<\/strong>) incorporando sanciones al articulado del C\u00f3digo de Contravenciones.<\/p>\n\n\n\n<p>Espec\u00edficamente, mediante un proyecto de ley que present\u00f3 este lunes en la Legislatura provincial, busca modificar el t\u00edtulo de \u201cContravenciones contra la moralidad, buenas costumbres, solidaridad y educaci\u00f3n\u201d y sumar sanciones como trabajo comunitario o multa para los padres de los alumnos que cometan&nbsp;<strong>bullying<\/strong>.<\/p>\n\n\n\n<p>Las\u00a0<strong>multas<\/strong>\u00a0por responsabilidad parental van, seg\u00fan el texto de la iniciativa, de 500 a 5.000 UF, lo que actualmente equivale a valores que oscilan entre los $210.000 y los $2.100.000.<\/p>\n\n\n\n<h2 class=\"wp-block-heading\">Bullying, padres y escuela<\/h2>\n\n\n\n<p>El&nbsp;<strong>acoso escolar o bullying<\/strong>&nbsp;es descrito en el proyecto del Ministerio de Educaci\u00f3n como una problem\u00e1tica social grave con consecuencias devastadoras, tanto psicol\u00f3gicas como f\u00edsicas, para las v\u00edctimas.<\/p>\n\n\n\n<p>El Gobierno considera que, si bien las&nbsp;<strong>escuelas<\/strong>&nbsp;tienen un papel fundamental en la prevenci\u00f3n, la responsabilidad principal de&nbsp;<strong>educar<\/strong>&nbsp;y supervisar a los hijos es de los padres o tutores.<\/p>\n\n\n\n<p>El proyecto establece sanciones, pero sus principales objetivos son&nbsp;<strong>educar<\/strong>, prevenir y concientizar.<\/p>\n\n\n\n<p>El proyecto incorpora el art\u00edculo 100 bis sobre&nbsp;<strong>responsabilidad parental<\/strong>: \u201cSe considerar\u00e1 una contravenci\u00f3n la omisi\u00f3n del deber de vigilancia y cuidado por parte de los padres, tutores o cualquier persona que ejerza la responsabilidad parental, cuando un ni\u00f1o o adolescente a su cargo cometa actos de acoso escolar (<strong>bullying<\/strong>) que causen da\u00f1o f\u00edsico, psicol\u00f3gico o emocional a otro menor en el \u00e1mbito educativo o social\u201d.<\/p>\n\n\n\n<p>Tambi\u00e9n incorpora el art\u00edculo 100 ter, sobre la aplicaci\u00f3n de un nuevo protocolo para las\u00a0<strong>autoridades escolares<\/strong>, necesario antes de remitir el caso a un juzgado contravencional.<\/p>\n\n\n\n<p>Ya en esta instancia, es cuando podr\u00edan aplicarse sanciones a los&nbsp;<strong>padres<\/strong>&nbsp;o tutores que, notificados del&nbsp;<strong>acoso<\/strong>&nbsp;de su hijo, \u201cno adoptan las medidas de supervisi\u00f3n necesarias\u201d.<\/p>\n\n\n\n<p>En este caso, seg\u00fan el art\u00edculo 100 quarter que incorpora el proyecto al C\u00f3digo Contravencional, \u201cla sanci\u00f3n consistir\u00e1 en trabajo comunitario por un per\u00edodo de cinco a cincuenta d\u00edas\u201d. Aunque, seg\u00fan la gravedad, \u201cel juez tambi\u00e9n podr\u00e1 aplicar una&nbsp;<strong>multa<\/strong>&nbsp;de 500 UF a 5000 UF\u201d.<\/p>\n\n\n\n<p>La UF hoy en Mendoza tiene un valor de $420; por lo que las sanciones de&nbsp;<strong>multa<\/strong>&nbsp;ir\u00edan de $210.000 a m\u00e1s de $2 millones.<\/p>\n\n\n\n<p>El proyecto suma un agravante para casos de reincidencia: \u201cSi el menor reincide en actos de&nbsp;<strong>acoso escolar<\/strong>, el juez podr\u00e1 duplicar la sanci\u00f3n de trabajo comunitario o la multa. Adem\u00e1s, podr\u00e1 disponer la obligatoriedad de asistir a talleres de parentalidad o terapia familiar\u201d.<\/p>\n\n\n\n<p>Los fondos recaudados por la imposici\u00f3n de multas se destinar\u00e1n a un fondo provincial para la Prevenci\u00f3n y Asistencia de v\u00edctimas de acoso escolar (<strong>bullying<\/strong>), gestionado por la DGE, reza el proyecto.<\/p>\n\n\n\n<p><strong>Fuente: www.diariouno.com.ar<\/strong><\/p>\n","protected":false},"excerpt":{"rendered":"<p>Tadeo Garc\u00eda Zalazar, ministro de Educaci\u00f3n y responsable de la Direcci\u00f3n General de Escuelas (DGE), propuso establecer la responsabilidad parental por acoso escolar (bullying) incorporando sanciones al articulado del C\u00f3digo de Contravenciones. Espec\u00edficamente, mediante un proyecto de ley que present\u00f3 este lunes en la Legislatura provincial, busca modificar el t\u00edtulo de \u201cContravenciones contra la moralidad, [&hellip;]<\/p>\n","protected":false},"author":2,"featured_media":14994,"comment_status":"open","ping_status":"open","sticky":false,"template":"","format":"standard","meta":[],"categories":[121],"tags":[],"_links":{"self":[{"href":"https:\/\/pasaenmendoza.com\/index.php?rest_route=\/wp\/v2\/posts\/14993"}],"collection":[{"href":"https:\/\/pasaenmendoza.com\/index.php?rest_route=\/wp\/v2\/posts"}],"about":[{"href":"https:\/\/pasaenmendoza.com\/index.php?rest_route=\/wp\/v2\/types\/post"}],"author":[{"embeddable":true,"href":"https:\/\/pasaenmendoza.com\/index.php?rest_route=\/wp\/v2\/users\/2"}],"replies":[{"embeddable":true,"href":"https:\/\/pasaenmendoza.com\/index.php?rest_route=%2Fwp%2Fv2%2Fcomments&post=14993"}],"version-history":[{"count":1,"href":"https:\/\/pasaenmendoza.com\/index.php?rest_route=\/wp\/v2\/posts\/14993\/revisions"}],"predecessor-version":[{"id":14995,"href":"https:\/\/pasaenmendoza.com\/index.php?rest_route=\/wp\/v2\/posts\/14993\/revisions\/14995"}],"wp:featuredmedia":[{"embeddable":true,"href":"https:\/\/pasaenmendoza.com\/index.php?rest_route=\/wp\/v2\/media\/14994"}],"wp:attachment":[{"href":"https:\/\/pasaenmendoza.com\/index.php?rest_route=%2Fwp%2Fv2%2Fmedia&parent=14993"}],"wp:term":[{"taxonomy":"category","embeddable":true,"href":"https:\/\/pasaenmendoza.com\/index.php?rest_route=%2Fwp%2Fv2%2Fcategories&post=14993"},{"taxonomy":"post_tag","embeddable":true,"href":"https:\/\/pasaenmendoza.com\/index.php?rest_route=%2Fwp%2Fv2%2Ftags&post=14993"}],"curies":[{"name":"wp","href":"https:\/\/api.w.org\/{rel}","templated":true}]}}