{"id":14999,"date":"2025-09-30T00:34:43","date_gmt":"2025-09-29T22:34:43","guid":{"rendered":"https:\/\/pasaenmendoza.com\/?p=14999"},"modified":"2025-09-30T00:34:44","modified_gmt":"2025-09-29T22:34:44","slug":"octubre-rosa-capital-ofrecera-controles-gratuitos-para-la-prevencion-del-cancer-de-mama","status":"publish","type":"post","link":"https:\/\/pasaenmendoza.com\/?p=14999","title":{"rendered":"Octubre Rosa: Capital ofrecer\u00e1 controles gratuitos para la prevenci\u00f3n del c\u00e1ncer de mama"},"content":{"rendered":"\n<p>En el marco de\u00a0<strong>Octubre Rosa<\/strong>,\u00a0<strong>Capital<\/strong>\u00a0pondr\u00e1 en marcha una campa\u00f1a de\u00a0<strong>concientizaci\u00f3n sobre el\u00a0c\u00e1ncer de mama<\/strong>, con foco en la realizaci\u00f3n de\u00a0<strong>controles cl\u00ednicos y ginecol\u00f3gicos<\/strong>\u00a0que favorezcan la\u00a0<strong>detecci\u00f3n temprana<\/strong>\u00a0y el\u00a0<strong>autocuidado<\/strong>.<\/p>\n\n\n\n<p>La iniciativa busca enfrentar barreras como la\u00a0<strong>falta de informaci\u00f3n<\/strong>, el\u00a0<strong>desconocimiento<\/strong>\u00a0y las situaciones de\u00a0<strong>vulnerabilidad social<\/strong>, que muchas veces dificultan el acceso a\u00a0<strong>estudios preventivos<\/strong>.<\/p>\n\n\n\n<h3 class=\"wp-block-heading\"><strong>Actividades destacadas<\/strong><\/h3>\n\n\n\n<ul>\n<li><strong>Cuidar a quien cuida<\/strong>: en el&nbsp;<strong>SUM del Centro Integrador Comunitario N\u00ba2<\/strong>, se habilitar\u00e1 un&nbsp;<strong>circuito de salud gratuito<\/strong>&nbsp;para&nbsp;<strong>madres<\/strong>&nbsp;y&nbsp;<strong>mujeres cuidadoras<\/strong>. All\u00ed se brindar\u00e1n&nbsp;<strong>controles cl\u00ednicos y ginecol\u00f3gicos<\/strong>, junto con&nbsp;<strong>asesoramiento sobre autoex\u00e1menes mamarios<\/strong>.<\/li>\n\n\n\n<li><strong>Ven\u00ed a Correr 2025<\/strong>: el\u00a0<strong>domingo 5 de octubre<\/strong>, el\u00a0<strong>Parque General San Mart\u00edn<\/strong>\u00a0recibir\u00e1 una\u00a0<strong>carrera solidaria<\/strong>\u00a0con distancias de\u00a0<strong>10K, 5K y 2K<\/strong>, adem\u00e1s de una categor\u00eda\u00a0<strong>Kids<\/strong>. La recaudaci\u00f3n ser\u00e1 destinada a la\u00a0<strong>lucha contra el c\u00e1ncer gineco-mamario<\/strong>.<\/li>\n<\/ul>\n\n\n\n<ul>\n<li><strong>Conversatorio sobre C\u00e1ncer de Mama<\/strong>: el&nbsp;<strong>15 de octubre<\/strong>, las&nbsp;<strong>empleadas municipales<\/strong>&nbsp;participar\u00e1n de un encuentro con especialistas del&nbsp;<strong>Programa de Salud Sexual y Reproductiva de OSEP<\/strong>, para recibir&nbsp;<strong>informaci\u00f3n y apoyo<\/strong>&nbsp;sobre la&nbsp;<strong>prevenci\u00f3n<\/strong>.<\/li>\n\n\n\n<li><strong>Acompa\u00f1ando en Familia<\/strong>: el&nbsp;<strong>16 de octubre<\/strong>, en el&nbsp;<strong>Espacio ECoS<\/strong>, se ofrecer\u00e1 una&nbsp;<strong>charla de sensibilizaci\u00f3n<\/strong>&nbsp;destinada a&nbsp;<strong>madres, padres y cuidadores de personas con discapacidad<\/strong>, organizada junto a la&nbsp;<strong>Asociaci\u00f3n Civil Mujeres Poderosas Mendoza<\/strong>.<\/li>\n\n\n\n<li><strong>Hasta las Lolas, edici\u00f3n Poderosa<\/strong>: el\u00a0<strong>31 de octubre<\/strong>\u00a0se realizar\u00e1 un\u00a0<strong>evento especial<\/strong>\u00a0para mujeres que se efectuaron su\u00a0<strong>mamograf\u00eda en 2025<\/strong>, con propuestas de\u00a0<strong>concientizaci\u00f3n<\/strong>,\u00a0<strong>juegos<\/strong>\u00a0y\u00a0<strong>sorteos<\/strong>. La\u00a0<strong>inscripci\u00f3n online<\/strong>\u00a0se abrir\u00e1 el\u00a0<strong>20 de octubre<\/strong>.<\/li>\n<\/ul>\n\n\n\n<p><strong>Fuente: www.diariomendoza.com.ar<\/strong><\/p>\n","protected":false},"excerpt":{"rendered":"<p>En el marco de\u00a0Octubre Rosa,\u00a0Capital\u00a0pondr\u00e1 en marcha una campa\u00f1a de\u00a0concientizaci\u00f3n sobre el\u00a0c\u00e1ncer de mama, con foco en la realizaci\u00f3n de\u00a0controles cl\u00ednicos y ginecol\u00f3gicos\u00a0que favorezcan la\u00a0detecci\u00f3n temprana\u00a0y el\u00a0autocuidado. La iniciativa busca enfrentar barreras como la\u00a0falta de informaci\u00f3n, el\u00a0desconocimiento\u00a0y las situaciones de\u00a0vulnerabilidad social, que muchas veces dificultan el acceso a\u00a0estudios preventivos. Actividades destacadas Fuente: www.diariomendoza.com.ar<\/p>\n","protected":false},"author":2,"featured_media":15000,"comment_status":"open","ping_status":"open","sticky":false,"template":"","format":"standard","meta":[],"categories":[58],"tags":[],"_links":{"self":[{"href":"https:\/\/pasaenmendoza.com\/index.php?rest_route=\/wp\/v2\/posts\/14999"}],"collection":[{"href":"https:\/\/pasaenmendoza.com\/index.php?rest_route=\/wp\/v2\/posts"}],"about":[{"href":"https:\/\/pasaenmendoza.com\/index.php?rest_route=\/wp\/v2\/types\/post"}],"author":[{"embeddable":true,"href":"https:\/\/pasaenmendoza.com\/index.php?rest_route=\/wp\/v2\/users\/2"}],"replies":[{"embeddable":true,"href":"https:\/\/pasaenmendoza.com\/index.php?rest_route=%2Fwp%2Fv2%2Fcomments&post=14999"}],"version-history":[{"count":1,"href":"https:\/\/pasaenmendoza.com\/index.php?rest_route=\/wp\/v2\/posts\/14999\/revisions"}],"predecessor-version":[{"id":15001,"href":"https:\/\/pasaenmendoza.com\/index.php?rest_route=\/wp\/v2\/posts\/14999\/revisions\/15001"}],"wp:featuredmedia":[{"embeddable":true,"href":"https:\/\/pasaenmendoza.com\/index.php?rest_route=\/wp\/v2\/media\/15000"}],"wp:attachment":[{"href":"https:\/\/pasaenmendoza.com\/index.php?rest_route=%2Fwp%2Fv2%2Fmedia&parent=14999"}],"wp:term":[{"taxonomy":"category","embeddable":true,"href":"https:\/\/pasaenmendoza.com\/index.php?rest_route=%2Fwp%2Fv2%2Fcategories&post=14999"},{"taxonomy":"post_tag","embeddable":true,"href":"https:\/\/pasaenmendoza.com\/index.php?rest_route=%2Fwp%2Fv2%2Ftags&post=14999"}],"curies":[{"name":"wp","href":"https:\/\/api.w.org\/{rel}","templated":true}]}}