{"id":15002,"date":"2025-09-30T14:13:01","date_gmt":"2025-09-30T12:13:01","guid":{"rendered":"https:\/\/pasaenmendoza.com\/?p=15002"},"modified":"2025-09-30T14:13:02","modified_gmt":"2025-09-30T12:13:02","slug":"el-tiempo-en-mendoza-para-este-martes-vuelven-las-lluvias-hacia-la-noche","status":"publish","type":"post","link":"https:\/\/pasaenmendoza.com\/?p=15002","title":{"rendered":"El tiempo en Mendoza para este martes: vuelven las lluvias hacia la noche"},"content":{"rendered":"\n<p>La temperatura m\u00e1xima para este martes ser\u00e1 de 23 grados cent\u00edgrados, mientras que la m\u00ednima estar\u00e1 en los 11 grados cent\u00edgrados.<\/p>\n\n\n\n<p>Estar\u00e1 \u201cparcialmente nublado y ventoso con descenso de la temperatura, vientos moderados del sector sur. Precipitaciones aisladas hacia la noche\u201d.<\/p>\n\n\n\n<p>A partir de las 16, habr\u00e1 convecci\u00f3n con tormentas moderadas de lluvia hacia el oeste del Gran Mendoza, en la zona de Potrerillos y precordillera, con probable extensi\u00f3n hacia Luj\u00e1n de Cuyo y parte Norte.<\/p>\n\n\n\n<p>Durante la noche, probable afectaci\u00f3n en zona Este, con lluvias en departamentos cercanos al Gran Mendoza.<\/p>\n\n\n\n<p>La inestabilidad podr\u00eda extenderse hasta la madrugada del mi\u00e9rcoles.<\/p>\n\n\n\n<p>El tiempo en la alta monta\u00f1a: \u201cNevadas en cordillera\u201d. Seminublado en el sector norte, con precipitaciones leves desde las 16. Las condiciones mejoran a partir de las 5 del mi\u00e9rcoles.<\/p>\n\n\n\n<p><strong>Fuente: www.elsol.com.ar<\/strong><\/p>\n","protected":false},"excerpt":{"rendered":"<p>La temperatura m\u00e1xima para este martes ser\u00e1 de 23 grados cent\u00edgrados, mientras que la m\u00ednima estar\u00e1 en los 11 grados cent\u00edgrados. Estar\u00e1 \u201cparcialmente nublado y ventoso con descenso de la temperatura, vientos moderados del sector sur. Precipitaciones aisladas hacia la noche\u201d. A partir de las 16, habr\u00e1 convecci\u00f3n con tormentas moderadas de lluvia hacia el [&hellip;]<\/p>\n","protected":false},"author":2,"featured_media":15003,"comment_status":"open","ping_status":"open","sticky":false,"template":"","format":"standard","meta":[],"categories":[52],"tags":[],"_links":{"self":[{"href":"https:\/\/pasaenmendoza.com\/index.php?rest_route=\/wp\/v2\/posts\/15002"}],"collection":[{"href":"https:\/\/pasaenmendoza.com\/index.php?rest_route=\/wp\/v2\/posts"}],"about":[{"href":"https:\/\/pasaenmendoza.com\/index.php?rest_route=\/wp\/v2\/types\/post"}],"author":[{"embeddable":true,"href":"https:\/\/pasaenmendoza.com\/index.php?rest_route=\/wp\/v2\/users\/2"}],"replies":[{"embeddable":true,"href":"https:\/\/pasaenmendoza.com\/index.php?rest_route=%2Fwp%2Fv2%2Fcomments&post=15002"}],"version-history":[{"count":1,"href":"https:\/\/pasaenmendoza.com\/index.php?rest_route=\/wp\/v2\/posts\/15002\/revisions"}],"predecessor-version":[{"id":15004,"href":"https:\/\/pasaenmendoza.com\/index.php?rest_route=\/wp\/v2\/posts\/15002\/revisions\/15004"}],"wp:featuredmedia":[{"embeddable":true,"href":"https:\/\/pasaenmendoza.com\/index.php?rest_route=\/wp\/v2\/media\/15003"}],"wp:attachment":[{"href":"https:\/\/pasaenmendoza.com\/index.php?rest_route=%2Fwp%2Fv2%2Fmedia&parent=15002"}],"wp:term":[{"taxonomy":"category","embeddable":true,"href":"https:\/\/pasaenmendoza.com\/index.php?rest_route=%2Fwp%2Fv2%2Fcategories&post=15002"},{"taxonomy":"post_tag","embeddable":true,"href":"https:\/\/pasaenmendoza.com\/index.php?rest_route=%2Fwp%2Fv2%2Ftags&post=15002"}],"curies":[{"name":"wp","href":"https:\/\/api.w.org\/{rel}","templated":true}]}}