{"id":15008,"date":"2025-09-30T14:21:57","date_gmt":"2025-09-30T12:21:57","guid":{"rendered":"https:\/\/pasaenmendoza.com\/?p=15008"},"modified":"2025-09-30T14:21:58","modified_gmt":"2025-09-30T12:21:58","slug":"bullying-los-padres-pagaran-hasta-2-millones-si-no-frenan-a-sus-hijos","status":"publish","type":"post","link":"https:\/\/pasaenmendoza.com\/?p=15008","title":{"rendered":"Bullying: los padres pagar\u00e1n hasta $2 millones si no frenan a sus hijos"},"content":{"rendered":"\n<p>Este lunes ingres\u00f3 a la Legislatura el proyecto &#8220;<strong>anti-bullying<\/strong>&#8221;\u00a0 que hab\u00eda anunciado semanas atr\u00e1s el ministro de Educaci\u00f3n,\u00a0<strong>Tadeo Garc\u00eda Zalazar<\/strong>, para modificar el\u00a0<strong>C\u00f3digo de Contravenciones de Mendoza<\/strong>\u00a0e incorporar sanciones contra padres de ni\u00f1os que acosen f\u00edsica o psicol\u00f3gicamente a sus compa\u00f1eros.<\/p>\n\n\n\n<p>El proyecto fue anunciado por el propio Garc\u00eda Zalazar a comienzos de septiembre, luego del caso de la\u00a0alumna de La Paz que ingres\u00f3 a la escuela con un arma y efectu\u00f3 disparos, presuntamente como reacci\u00f3n a un caso de bullying.<\/p>\n\n\n\n<p>La iniciativa incluye la figura de &#8220;<strong>responsabilidad parental por acoso escolar<\/strong>&#8221; y contempla sanciones\u00a0<strong>de 5 a 50 d\u00edas de trabajo comunitario<\/strong>\u00a0y, de acuerdo con la gravedad del bullying, el juez contravencional tambi\u00e9n podr\u00e1 aplicar una multa de 500 a 5.000 Unidades Fiscales (actualmente,<strong>\u00a0entre $210.000 y $2.100.000<\/strong>).\u00a0<\/p>\n\n\n\n<p>Sin embargo, la sanci\u00f3n contra los padres no ser\u00e1 inmediata. La reforma que present\u00f3 Garc\u00eda Zalazar incluye una etapa previa. &#8220;<strong>Previo a la intervenci\u00f3n judicial, las autoridades escolares deber\u00e1n aplicar el protocolo de actuaci\u00f3n que se determine<\/strong>, con la participaci\u00f3n de un equipo interdisciplinario&#8221;.<\/p>\n\n\n\n<p>En este punto,<strong>\u00a0la eventual sanci\u00f3n con trabajo comunitario y\/o multa econ\u00f3mica &#8220;se aplicar\u00e1 a los padres que, habiendo sido notificados de la conducta de acoso de su hijo\/a, no adopten las medidas de supervisi\u00f3n<\/strong>, educaci\u00f3n o contenci\u00f3n necesarias para detenerla, o que no cumplan con los compromisos de conducta asumidos&#8221;.<\/p>\n\n\n\n<p><strong>Fuente: www.mendozapost.com<\/strong><\/p>\n","protected":false},"excerpt":{"rendered":"<p>Este lunes ingres\u00f3 a la Legislatura el proyecto &#8220;anti-bullying&#8221;\u00a0 que hab\u00eda anunciado semanas atr\u00e1s el ministro de Educaci\u00f3n,\u00a0Tadeo Garc\u00eda Zalazar, para modificar el\u00a0C\u00f3digo de Contravenciones de Mendoza\u00a0e incorporar sanciones contra padres de ni\u00f1os que acosen f\u00edsica o psicol\u00f3gicamente a sus compa\u00f1eros. El proyecto fue anunciado por el propio Garc\u00eda Zalazar a comienzos de septiembre, luego [&hellip;]<\/p>\n","protected":false},"author":2,"featured_media":15009,"comment_status":"open","ping_status":"open","sticky":false,"template":"","format":"standard","meta":[],"categories":[50],"tags":[],"_links":{"self":[{"href":"https:\/\/pasaenmendoza.com\/index.php?rest_route=\/wp\/v2\/posts\/15008"}],"collection":[{"href":"https:\/\/pasaenmendoza.com\/index.php?rest_route=\/wp\/v2\/posts"}],"about":[{"href":"https:\/\/pasaenmendoza.com\/index.php?rest_route=\/wp\/v2\/types\/post"}],"author":[{"embeddable":true,"href":"https:\/\/pasaenmendoza.com\/index.php?rest_route=\/wp\/v2\/users\/2"}],"replies":[{"embeddable":true,"href":"https:\/\/pasaenmendoza.com\/index.php?rest_route=%2Fwp%2Fv2%2Fcomments&post=15008"}],"version-history":[{"count":1,"href":"https:\/\/pasaenmendoza.com\/index.php?rest_route=\/wp\/v2\/posts\/15008\/revisions"}],"predecessor-version":[{"id":15010,"href":"https:\/\/pasaenmendoza.com\/index.php?rest_route=\/wp\/v2\/posts\/15008\/revisions\/15010"}],"wp:featuredmedia":[{"embeddable":true,"href":"https:\/\/pasaenmendoza.com\/index.php?rest_route=\/wp\/v2\/media\/15009"}],"wp:attachment":[{"href":"https:\/\/pasaenmendoza.com\/index.php?rest_route=%2Fwp%2Fv2%2Fmedia&parent=15008"}],"wp:term":[{"taxonomy":"category","embeddable":true,"href":"https:\/\/pasaenmendoza.com\/index.php?rest_route=%2Fwp%2Fv2%2Fcategories&post=15008"},{"taxonomy":"post_tag","embeddable":true,"href":"https:\/\/pasaenmendoza.com\/index.php?rest_route=%2Fwp%2Fv2%2Ftags&post=15008"}],"curies":[{"name":"wp","href":"https:\/\/api.w.org\/{rel}","templated":true}]}}