{"id":1502,"date":"2023-09-15T14:53:35","date_gmt":"2023-09-15T12:53:35","guid":{"rendered":"https:\/\/pasaenmendoza.com\/?p=1502"},"modified":"2023-09-15T14:53:35","modified_gmt":"2023-09-15T12:53:35","slug":"avanza-el-nuevo-aeropuerto-de-san-rafael-cuando-estaria-listo","status":"publish","type":"post","link":"https:\/\/pasaenmendoza.com\/?p=1502","title":{"rendered":"Avanza el nuevo aeropuerto de San Rafael: cu\u00e1ndo estar\u00eda listo"},"content":{"rendered":"\n<p>El nuevo&nbsp;<strong>aeropuerto&nbsp;<\/strong>de&nbsp;<strong>San Rafael&nbsp;<\/strong>avanza, ahora con la construcci\u00f3n de la terminal de pasajeros que se duplicar\u00e1 en metros cubiertos respecto del actual edificio.<\/p>\n\n\n\n<p>Se espera que la primera etapa est\u00e9 lista en diciembre y la segunda, en mayo del 2024.<\/p>\n\n\n\n<p>Tras la inauguraci\u00f3n de la nueva pista de rodaje, la ampliaci\u00f3n se ejecuta hacia el este de la estructura que hoy alberga la terminal, con la principal cubierta del techo y la base de hormig\u00f3n del piso ya colocados.<\/p>\n\n\n\n<p>Tambi\u00e9n se trabaja en el sector donde ir\u00e1 la nueva cisterna de reserva de agua para emergencias y \u2013 hacia el oeste de la torre de control \u2013 se construye un amplio dep\u00f3sito multiuso.<\/p>\n\n\n\n<p>Este martes el intendente<strong>&nbsp;<\/strong>Emir F\u00e9lix, el jefe comunal electo, Omar F\u00e9lix, y el jefe de Gabinete de la Naci\u00f3n, Agust\u00edn Rossi, recorrieron las obras.<\/p>\n\n\n\n<p>\u201c<em>Se est\u00e1 avanzando con el objetivo de finalizar la primera parte de esta etapa en diciembre y la segunda y definitiva en mayo. Lo importante es que el aeropuerto sigue operativo, al mismo tiempo que los trabajos se desarrollan con celeridad<\/em>\u201d, detall\u00f3 F\u00e9lix.<\/p>\n\n\n\n<p><strong>Fuente: www.elsol.com.ar<\/strong><\/p>\n","protected":false},"excerpt":{"rendered":"<p>El nuevo&nbsp;aeropuerto&nbsp;de&nbsp;San Rafael&nbsp;avanza, ahora con la construcci\u00f3n de la terminal de pasajeros que se duplicar\u00e1 en metros cubiertos respecto del actual edificio. Se espera que la primera etapa est\u00e9 lista en diciembre y la segunda, en mayo del 2024. Tras la inauguraci\u00f3n de la nueva pista de rodaje, la ampliaci\u00f3n se ejecuta hacia el este [&hellip;]<\/p>\n","protected":false},"author":2,"featured_media":1503,"comment_status":"open","ping_status":"open","sticky":false,"template":"","format":"standard","meta":[],"categories":[50],"tags":[],"_links":{"self":[{"href":"https:\/\/pasaenmendoza.com\/index.php?rest_route=\/wp\/v2\/posts\/1502"}],"collection":[{"href":"https:\/\/pasaenmendoza.com\/index.php?rest_route=\/wp\/v2\/posts"}],"about":[{"href":"https:\/\/pasaenmendoza.com\/index.php?rest_route=\/wp\/v2\/types\/post"}],"author":[{"embeddable":true,"href":"https:\/\/pasaenmendoza.com\/index.php?rest_route=\/wp\/v2\/users\/2"}],"replies":[{"embeddable":true,"href":"https:\/\/pasaenmendoza.com\/index.php?rest_route=%2Fwp%2Fv2%2Fcomments&post=1502"}],"version-history":[{"count":1,"href":"https:\/\/pasaenmendoza.com\/index.php?rest_route=\/wp\/v2\/posts\/1502\/revisions"}],"predecessor-version":[{"id":1504,"href":"https:\/\/pasaenmendoza.com\/index.php?rest_route=\/wp\/v2\/posts\/1502\/revisions\/1504"}],"wp:featuredmedia":[{"embeddable":true,"href":"https:\/\/pasaenmendoza.com\/index.php?rest_route=\/wp\/v2\/media\/1503"}],"wp:attachment":[{"href":"https:\/\/pasaenmendoza.com\/index.php?rest_route=%2Fwp%2Fv2%2Fmedia&parent=1502"}],"wp:term":[{"taxonomy":"category","embeddable":true,"href":"https:\/\/pasaenmendoza.com\/index.php?rest_route=%2Fwp%2Fv2%2Fcategories&post=1502"},{"taxonomy":"post_tag","embeddable":true,"href":"https:\/\/pasaenmendoza.com\/index.php?rest_route=%2Fwp%2Fv2%2Ftags&post=1502"}],"curies":[{"name":"wp","href":"https:\/\/api.w.org\/{rel}","templated":true}]}}