{"id":15022,"date":"2025-10-01T01:27:41","date_gmt":"2025-09-30T23:27:41","guid":{"rendered":"https:\/\/pasaenmendoza.com\/?p=15022"},"modified":"2025-10-01T01:27:42","modified_gmt":"2025-09-30T23:27:42","slug":"la-reparacion-del-socavon-del-acceso-sur-entre-lujan-y-godoy-cruz-puede-demorar-hasta-5-dias","status":"publish","type":"post","link":"https:\/\/pasaenmendoza.com\/?p=15022","title":{"rendered":"La reparaci\u00f3n del socav\u00f3n del Acceso Sur entre Luj\u00e1n y Godoy Cruz puede demorar hasta 5 d\u00edas"},"content":{"rendered":"\n<p>Por el gran\u00a0<strong>socav\u00f3n\u00a0<\/strong>que se gener\u00f3 en la mano norte del\u00a0<strong>Acceso Sur<\/strong>, el tr\u00e1nsito est\u00e1 muy complicado a la altura de\u00a0<strong>Carrodilla<\/strong>, en el l\u00edmite entre\u00a0<strong>Luj\u00e1n\u00a0<\/strong>y\u00a0<strong>Godoy Cruz<\/strong>\u00a0por un corte en la mano al norte. Quienes realizan la obra sobre la calzada indicaron que la reparaci\u00f3n y el cambio del ca\u00f1o cloacal municipal puede demorar al menos\u00a0<strong>5 d\u00edas<\/strong>. Pidieron tomar v\u00edas alternativas y salir un poco m\u00e1s temprano para llegar a tiempo a destino.<\/p>\n\n\n\n<p>El problema surgi\u00f3 en la tarde del lunes en la mano norte del\u00a0<strong>Acceso Sur\u00a0<\/strong>entre calles Juan Jos\u00e9 Paso y Rawson, justo entre\u00a0<strong>Luj\u00e1n\u00a0<\/strong>y\u00a0<strong>Godoy Cruz<\/strong>, donde una parte de la calzada cedi\u00f3 como consecuencia a un colapso en el\u00a0<strong>ca\u00f1o de cloacas de Luj\u00e1n<\/strong>, el cual es de cemento de la d\u00e9cada de 1970.<\/p>\n\n\n\n<p>Autoridades de&nbsp;<strong>Vialidad Nacional<\/strong>, a quien le corresponde el&nbsp;<strong>Acceso Sur<\/strong>, indic\u00f3 que estaban al tanto que hab\u00eda problemas en ese sector y que hab\u00edan avisado varias veces al municipio, pero antes que comenzaran la obra se produjo el&nbsp;<strong>socav\u00f3n<\/strong>.<\/p>\n\n\n\n<p>Desde la noche del lunes\u00a0<strong>Aguas de Luj\u00e1n<\/strong>\u00a0comenz\u00f3 con la\u00a0reparaci\u00f3n mientras que el tr\u00e1nsito qued\u00f3 cortado\u00a0en la mano norte del\u00a0<strong>Acceso Sur<\/strong>, lo que gener\u00f3 grandes\u00a0<strong>demoras\u00a0<\/strong>y complicaciones desde la ma\u00f1ana de este martes. La mano hacia el sur est\u00e1 liberada, pero tambi\u00e9n pidieron circular con mucho cuidado.<\/p>\n\n\n\n<p>Por los desv\u00edos trabaja la&nbsp;<strong>Polic\u00eda&nbsp;<\/strong>junto con&nbsp;<strong>Preventores&nbsp;<\/strong>de&nbsp;<strong>Luj\u00e1n<\/strong>, pero hay una fila de m\u00e1s de 4 kil\u00f3metros para pasar.<\/p>\n\n\n\n<h2 class=\"wp-block-heading\">Las alternativas para evitar el Acceso Sur<\/h2>\n\n\n\n<p>Miguel Sara, director de Tr\u00e1nsito de&nbsp;<strong>Luj\u00e1n<\/strong>, sostuvo que para quienes van desde el este pueden tomar por calle&nbsp;<strong>Terrada&nbsp;<\/strong>o&nbsp;<strong>Vieytes<\/strong>, y para quienes lo hacen desde el oeste pueden desviarse por el&nbsp;<strong>Corredor del Oeste&nbsp;<\/strong>o&nbsp;<strong>calle San Mart\u00edn<\/strong>.<\/p>\n\n\n\n<p>En el\u00a0<strong>Acceso Sur<\/strong>\u00a0el desv\u00edo es por la lateral, por donde los conductores deben circular aproximadamente 50 metros y retoman por la Ruta 40 para seguir camino. Pero por la cantidad de veh\u00edculos en la hora pico se generaron grandes\u00a0<strong>demoras<\/strong>.<\/p>\n\n\n\n<p>&#8220;El consejo para los conductores es salir con m\u00e1s&nbsp;<strong>tiempo&nbsp;<\/strong>de casa, manejar con mucha&nbsp;<strong>precauci\u00f3n<\/strong>, tomar distancia del veh\u00edculo que est\u00e1 adelante, no circular r\u00e1pido sino hasta 40 kil\u00f3metros por hora, y pensar que al lado mio va un conductor que tiene tanto apuro como yo&#8221;, destac\u00f3 Miguel Sara.<\/p>\n\n\n\n<p>Estim\u00f3 que las obras en el\u00a0<strong>socav\u00f3n\u00a0<\/strong>que se gener\u00f3 en la mano norte del<strong>\u00a0Acceso Sur\u00a0<\/strong>demorar\u00e1n al menos\u00a0<strong>5 d\u00edas<\/strong>, y luego se har\u00e1 el mismo trabajo sobre la mano que va al sur, por lo que insistieron con la\u00a0<strong>paciencia\u00a0<\/strong>que deber\u00e1n tener los usuarios de esa ruta.<\/p>\n\n\n\n<p>&#8220;Sorprende la cantidad de veh\u00edculos que pasan a&nbsp;<strong>alta velocidad<\/strong>&nbsp;pese a toda la se\u00f1alizaci\u00f3n e indicaciones que hay. Tienen que entender que no van a llegar antes porque el tap\u00f3n de veh\u00edculos es importante&#8221;, agreg\u00f3 Sara, a pesar que dijo que el&nbsp;<strong>tr\u00e1nsito&nbsp;<\/strong>es dentro de todo fluido.<\/p>\n\n\n\n<p>El municipio advirti\u00f3 que cualquier persona que haya tenido o tenga alg\u00fan inconveniente por el\u00a0<strong>socav\u00f3n\u00a0<\/strong>en el\u00a0<strong>Acceso Sur<\/strong>\u00a0puede llamar al 147 para hacer el reclamo.<\/p>\n\n\n\n<p><strong>Fuente: www.diariouno.com.ar<\/strong><\/p>\n","protected":false},"excerpt":{"rendered":"<p>Por el gran\u00a0socav\u00f3n\u00a0que se gener\u00f3 en la mano norte del\u00a0Acceso Sur, el tr\u00e1nsito est\u00e1 muy complicado a la altura de\u00a0Carrodilla, en el l\u00edmite entre\u00a0Luj\u00e1n\u00a0y\u00a0Godoy Cruz\u00a0por un corte en la mano al norte. Quienes realizan la obra sobre la calzada indicaron que la reparaci\u00f3n y el cambio del ca\u00f1o cloacal municipal puede demorar al menos\u00a05 d\u00edas. [&hellip;]<\/p>\n","protected":false},"author":2,"featured_media":15023,"comment_status":"open","ping_status":"open","sticky":false,"template":"","format":"standard","meta":[],"categories":[50],"tags":[],"_links":{"self":[{"href":"https:\/\/pasaenmendoza.com\/index.php?rest_route=\/wp\/v2\/posts\/15022"}],"collection":[{"href":"https:\/\/pasaenmendoza.com\/index.php?rest_route=\/wp\/v2\/posts"}],"about":[{"href":"https:\/\/pasaenmendoza.com\/index.php?rest_route=\/wp\/v2\/types\/post"}],"author":[{"embeddable":true,"href":"https:\/\/pasaenmendoza.com\/index.php?rest_route=\/wp\/v2\/users\/2"}],"replies":[{"embeddable":true,"href":"https:\/\/pasaenmendoza.com\/index.php?rest_route=%2Fwp%2Fv2%2Fcomments&post=15022"}],"version-history":[{"count":1,"href":"https:\/\/pasaenmendoza.com\/index.php?rest_route=\/wp\/v2\/posts\/15022\/revisions"}],"predecessor-version":[{"id":15024,"href":"https:\/\/pasaenmendoza.com\/index.php?rest_route=\/wp\/v2\/posts\/15022\/revisions\/15024"}],"wp:featuredmedia":[{"embeddable":true,"href":"https:\/\/pasaenmendoza.com\/index.php?rest_route=\/wp\/v2\/media\/15023"}],"wp:attachment":[{"href":"https:\/\/pasaenmendoza.com\/index.php?rest_route=%2Fwp%2Fv2%2Fmedia&parent=15022"}],"wp:term":[{"taxonomy":"category","embeddable":true,"href":"https:\/\/pasaenmendoza.com\/index.php?rest_route=%2Fwp%2Fv2%2Fcategories&post=15022"},{"taxonomy":"post_tag","embeddable":true,"href":"https:\/\/pasaenmendoza.com\/index.php?rest_route=%2Fwp%2Fv2%2Ftags&post=15022"}],"curies":[{"name":"wp","href":"https:\/\/api.w.org\/{rel}","templated":true}]}}