{"id":15025,"date":"2025-10-01T01:36:31","date_gmt":"2025-09-30T23:36:31","guid":{"rendered":"https:\/\/pasaenmendoza.com\/?p=15025"},"modified":"2025-10-01T01:36:33","modified_gmt":"2025-09-30T23:36:33","slug":"repudio-a-la-decision-de-la-dge-de-que-los-padres-controlen-la-inasistencia-de-los-docentes","status":"publish","type":"post","link":"https:\/\/pasaenmendoza.com\/?p=15025","title":{"rendered":"Repudio a la decisi\u00f3n de la DGE de que los padres controlen la inasistencia de los docentes"},"content":{"rendered":"\n<p>Los<strong>\u00a0padres<\/strong>\u00a0podr\u00e1n ir al\u00a0<strong>GEI\u00a0<\/strong>y avisar a la Direcci\u00f3n General de Escuelas de Mendoza sobre la\u00a0<strong>insistencia\u00a0<\/strong>de los\u00a0<strong>docentes.\u00a0<\/strong>Esta decisi\u00f3n ha generado repudio en distintos \u00e1mbitos, especialmente en las escuelas.<\/p>\n\n\n\n<p>Es una incorporaci\u00f3n muy reciente a la plataforma digital que reemplaza al antiguo GEM para gestionar la informaci\u00f3n escolar de alumnos, docentes y la comunidad educativa. Como se sabe, cada alumno tiene su propio legajo al que los padres o tutores a trav\u00e9s de GEI PAD (para lo que se necesita un mail y una contrase\u00f1a) puede acceder a la informaci\u00f3n sobre el alumno a cargo. La novedad es que ahora aparece un \u00edcono con un sobre que dice<strong>\u00a0&#8220;inasistencia docente&#8221;.<\/strong><\/p>\n\n\n\n<p>Es decir que habr\u00e1 doble control sobre las faltas, las que hace la direcci\u00f3n de la escuela correspondiente y la que ahora podr\u00e1n hacer los padres. Mejor dicho, triple porque tambi\u00e9n existe el reloj biom\u00e9trico que funciona en casi todos los colegios de Mendoza. En muchos no, pero se tiende a eso. Esta novedad, ha tra\u00eddo malestar en muchos sectores, y en los grupos de WhatsApp de docentes, el enojo crece.<\/p>\n\n\n\n<h2 class=\"wp-block-heading\">La postura del SUTE sobre la decisi\u00f3n de la&nbsp;<a href=\"https:\/\/www.mdzol.com\/temas\/dge-170.html\">DGE<\/a><\/h2>\n\n\n\n<p>El secretario gremial del SUTE, Gustavo Correa y candidato a secretario general (las elecciones del sindicato son el 7 de octubre pr\u00f3ximo), sostuvo que: &#8220;Los padres no saben por qu\u00e9 falt\u00f3 una docente, hay much\u00edsimas razones. Cuando planteamos que es necesario hacer un protocolo para resguardar la integridad de los docentes, esta sin duda no es la manera&#8221;.<\/p>\n\n\n\n<p>Adem\u00e1s, a trav\u00e9s de la red social X, el sindicato exigi\u00f3 que se elimine la pesta\u00f1a que posibilita marcar la&nbsp;<strong>inasistencia a docentes<\/strong>&nbsp;&#8220;ya que corresponde a la v\u00eda jer\u00e1rquica&#8221;.<\/p>\n\n\n\n<figure class=\"wp-block-image\"><img decoding=\"async\" src=\"https:\/\/media.mdzol.com\/p\/adf87b5745e161c598b920706b4bef95\/adjuntos\/373\/imagenes\/001\/817\/0001817868\/760x0\/smart\/x-sute-pestana.jpg\" alt=\"\" title=\"\"\/><\/figure>\n\n\n\n<p>En ese sentido, el sindicato viene pidiendo un protocolo que &#8220;resguarde a los trabajadores&#8221; de la Educaci\u00f3n&#8221;. Correa dijo que: &#8220;No puede ser que nosotros, por un acta que hagamos a los alumnos tengamos una situaci\u00f3n de violencia, que por una situaci\u00f3n estamos teniendo muchas dificultades a veces que traen del barrio, las situaciones entre los barrios, entre las bandas&#8230; Y las maestras por ah\u00ed son como las catalizadoras de todo eso. Es que es el \u00fanico lugar donde eso se expresa&#8221;.<\/p>\n\n\n\n<h2 class=\"wp-block-heading\">M\u00e1s repudio a la decisi\u00f3n de la DGE<\/h2>\n\n\n\n<p>El dirigente del FIT, Lautaro Jim\u00e9nez y candidato a senador provincial tambi\u00e9n fue contudente en sus cr\u00edticas al Gobierno. &#8220;Felicitaciones Cornejo! \u00a1Un tercer control de ausentismo docente! \u00bfConfiar en directivos y relojes biom\u00e9tricos? No, un verdadero Gran Hermano requiere de la vigilancia de todos. S\u00f3lo falta que los chicos vayan armados a controlar profes. Pero ya estamos en eso, oh gran dictador!&#8221;, sostuvo en X. Jim\u00e9nez es docente, tarea a la que volvi\u00f3 una vez que termin\u00f3 su mandato hace cuatro a\u00f1os como senador provincial.<\/p>\n\n\n\n<figure class=\"wp-block-image\"><img decoding=\"async\" src=\"https:\/\/media.mdzol.com\/p\/5845b95fdf5978b2818e0f79e1e02384\/adjuntos\/373\/imagenes\/001\/817\/0001817873\/760x0\/smart\/lautaro-jimenez-x.jpg\" alt=\"\" title=\"\"\/><\/figure>\n\n\n\n<p>En esa misma l\u00ednea, otras dirigentes del espacio como la candidata por la agrupaci\u00f3n CREO a secretaria general del SUTE, Virginia Pescarmona y Laura Espeche quien es postulante a secretaria del Godoy Cruz, tambi\u00e9n marcaron una postura contraria la DGE.<\/p>\n\n\n\n<p>&#8220;Esto es ins\u00f3lito y pura demagogia. Los directivos tiene esa potestad. Se firma todos los d\u00edas. Se informan las inasistencias. El directivo hace parte de novedades. Es solo una medida que pretende enfrentarnos con las familias y que habilita qu\u00e9 se diga cualquier cosa&#8221;, expres\u00f3 Pescarmona.<\/p>\n\n\n\n<figure class=\"wp-block-image\"><img decoding=\"async\" src=\"https:\/\/media.mdzol.com\/p\/6279274653721f8697bd79d344d358a0\/adjuntos\/373\/imagenes\/001\/817\/0001817880\/760x0\/smart\/espeche-x1.jpg\" alt=\"\" title=\"\"\/><\/figure>\n\n\n\n<figure class=\"wp-block-image\"><img decoding=\"async\" src=\"https:\/\/media.mdzol.com\/p\/3111c8dc56c256783357f7b3cf82433c\/adjuntos\/373\/imagenes\/001\/817\/0001817882\/760x0\/smart\/espeche-x2.jpg\" alt=\"\" title=\"\"\/><\/figure>\n\n\n\n<h2 class=\"wp-block-heading\">El enojo de docentes, conocemos algunas de sus opiniones:<\/h2>\n\n\n\n<h5 class=\"wp-block-heading\">&#8220;En primaria se sabe todo&#8230; es m\u00e1s fuerte el control y presencia de padres&#8230; los padres lo van a usar m\u00e1s&#8221;. Otra docente dijo: &#8220;Para eso est\u00e1 el biom\u00e9trico&#8221;.<\/h5>\n\n\n\n<p>Un profe agreg\u00f3: &#8220;En mi escuela no funciona el biom\u00e9trico. Adem\u00e1s, la noticia ha ca\u00eddo muy mal. Y en est\u00e1n todos enojados por esta decisi\u00f3n de control absoluta&#8221;.<\/p>\n\n\n\n<p>Una directora- que como todos pidi\u00f3 reserva de su nombre- agreg\u00f3: &#8220;El biom\u00e9trico funciona perfectamente. Esto es innecesario&#8221;.<\/p>\n\n\n\n<p><strong>Fuente: www.mdzol.com<\/strong><\/p>\n","protected":false},"excerpt":{"rendered":"<p>Los\u00a0padres\u00a0podr\u00e1n ir al\u00a0GEI\u00a0y avisar a la Direcci\u00f3n General de Escuelas de Mendoza sobre la\u00a0insistencia\u00a0de los\u00a0docentes.\u00a0Esta decisi\u00f3n ha generado repudio en distintos \u00e1mbitos, especialmente en las escuelas. Es una incorporaci\u00f3n muy reciente a la plataforma digital que reemplaza al antiguo GEM para gestionar la informaci\u00f3n escolar de alumnos, docentes y la comunidad educativa. Como se sabe, [&hellip;]<\/p>\n","protected":false},"author":2,"featured_media":15026,"comment_status":"open","ping_status":"open","sticky":false,"template":"","format":"standard","meta":[],"categories":[121],"tags":[],"_links":{"self":[{"href":"https:\/\/pasaenmendoza.com\/index.php?rest_route=\/wp\/v2\/posts\/15025"}],"collection":[{"href":"https:\/\/pasaenmendoza.com\/index.php?rest_route=\/wp\/v2\/posts"}],"about":[{"href":"https:\/\/pasaenmendoza.com\/index.php?rest_route=\/wp\/v2\/types\/post"}],"author":[{"embeddable":true,"href":"https:\/\/pasaenmendoza.com\/index.php?rest_route=\/wp\/v2\/users\/2"}],"replies":[{"embeddable":true,"href":"https:\/\/pasaenmendoza.com\/index.php?rest_route=%2Fwp%2Fv2%2Fcomments&post=15025"}],"version-history":[{"count":1,"href":"https:\/\/pasaenmendoza.com\/index.php?rest_route=\/wp\/v2\/posts\/15025\/revisions"}],"predecessor-version":[{"id":15027,"href":"https:\/\/pasaenmendoza.com\/index.php?rest_route=\/wp\/v2\/posts\/15025\/revisions\/15027"}],"wp:featuredmedia":[{"embeddable":true,"href":"https:\/\/pasaenmendoza.com\/index.php?rest_route=\/wp\/v2\/media\/15026"}],"wp:attachment":[{"href":"https:\/\/pasaenmendoza.com\/index.php?rest_route=%2Fwp%2Fv2%2Fmedia&parent=15025"}],"wp:term":[{"taxonomy":"category","embeddable":true,"href":"https:\/\/pasaenmendoza.com\/index.php?rest_route=%2Fwp%2Fv2%2Fcategories&post=15025"},{"taxonomy":"post_tag","embeddable":true,"href":"https:\/\/pasaenmendoza.com\/index.php?rest_route=%2Fwp%2Fv2%2Ftags&post=15025"}],"curies":[{"name":"wp","href":"https:\/\/api.w.org\/{rel}","templated":true}]}}