{"id":15028,"date":"2025-10-01T23:56:56","date_gmt":"2025-10-01T21:56:56","guid":{"rendered":"https:\/\/pasaenmendoza.com\/?p=15028"},"modified":"2025-10-01T23:56:57","modified_gmt":"2025-10-01T21:56:57","slug":"cuatro-propuestas-buscaran-liderar-la-direccion-artistica-de-la-fiesta-nacional-de-la-vendimia","status":"publish","type":"post","link":"https:\/\/pasaenmendoza.com\/?p=15028","title":{"rendered":"Cuatro propuestas buscar\u00e1n liderar la direcci\u00f3n art\u00edstica de la Fiesta Nacional de la Vendimia"},"content":{"rendered":"\n<p>Se realiz\u00f3 este mi\u00e9rcoles la\u00a0<strong>apertura de sobres<\/strong>\u00a0del concurso para la\u00a0<strong>puesta en escena<\/strong>\u00a0de la\u00a0<strong>Fiesta Nacional de la Vendimia 2026,\u00a0en<\/strong>\u00a0la\u00a0<strong>Sala Elina Alba<\/strong>\u00a0de la\u00a0<strong>Subsecretar\u00eda de Cultura<\/strong>, con la presencia de autoridades, jurados y equipos postulantes.<\/p>\n\n\n\n<p>Los\u00a0<strong>proyectos<\/strong>\u00a0presentados incluyen\u00a0<strong>guion<\/strong>,\u00a0<strong>s\u00edntesis argumental<\/strong>,\u00a0<strong>planteo escenogr\u00e1fico<\/strong>,\u00a0<strong>direcci\u00f3n art\u00edstica<\/strong>\u00a0y\u00a0<strong>equipo art\u00edstico<\/strong>\u00a0tanto para el\u00a0<strong>Acto Central<\/strong>\u00a0como para la\u00a0<strong>Repetici\u00f3n<\/strong>\u00a0de la fiesta que marcar\u00e1 los\u00a0<strong>90 a\u00f1os de Vendimia<\/strong>.<\/p>\n\n\n\n<p>El procedimiento se desarroll\u00f3 ante la\u00a0<strong>escribana p\u00fablica Ruth Celia Larraya<\/strong>, de la\u00a0<strong>Secretar\u00eda General de Gobierno<\/strong>, y cont\u00f3 con la asistencia de la\u00a0<strong>directora de Vendimia y Producci\u00f3n Cultural, Noelia Torres<\/strong>, y de la\u00a0<strong>directora general de Administraci\u00f3n de la Subsecretar\u00eda de Cultura, Anal\u00eda Salvador<\/strong>. Tambi\u00e9n estuvieron presentes los\u00a0<strong>miembros del jurado<\/strong>,\u00a0<strong>referentes culturales<\/strong>\u00a0y los\u00a0<strong>equipos art\u00edsticos<\/strong>\u00a0que presentaron sus propuestas.<\/p>\n\n\n\n<p>Las\u00a0<strong>cuatro propuestas<\/strong>\u00a0en competencia son:<\/p>\n\n\n\n<ul>\n<li><strong>\u201c90 cosechas de una misma cepa\u201d<\/strong>, con&nbsp;<strong>direcci\u00f3n general<\/strong>&nbsp;de&nbsp;<strong>Pablo Mariano Perri<\/strong>.<\/li>\n\n\n\n<li><strong>\u201cVendimias al Pie de los Andes\u201d<\/strong>, con\u00a0<strong>direcci\u00f3n general<\/strong>\u00a0de\u00a0<strong>Rafael Ricardo Ruiz<\/strong>\u00a0y\u00a0<strong>Gaspar Emanuel Tello<\/strong>.<\/li>\n\n\n\n<li><strong>\u201cCanto a Mendoza y la Memoria del Vino\u201d<\/strong>, con&nbsp;<strong>direcci\u00f3n general<\/strong>&nbsp;de&nbsp;<strong>Gonzalo Palacios<\/strong>.<\/li>\n\n\n\n<li><strong>\u201cVendimia de vino y cristal\u201d<\/strong>, con&nbsp;<strong>direcci\u00f3n general<\/strong>&nbsp;de&nbsp;<strong>Vilma R\u00fapolo<\/strong>&nbsp;y&nbsp;<strong>Federico Ortega<\/strong>.<\/li>\n\n\n\n<li>Tras la\u00a0<strong>apertura de sobres<\/strong>, el\u00a0<strong>jurado<\/strong>\u00a0inici\u00f3 el an\u00e1lisis de los\u00a0<strong>proyectos.\u00a0<\/strong><\/li>\n<\/ul>\n\n\n\n<p><strong>Fuente: www.diariomendoza.com.ar<\/strong><\/p>\n","protected":false},"excerpt":{"rendered":"<p>Se realiz\u00f3 este mi\u00e9rcoles la\u00a0apertura de sobres\u00a0del concurso para la\u00a0puesta en escena\u00a0de la\u00a0Fiesta Nacional de la Vendimia 2026,\u00a0en\u00a0la\u00a0Sala Elina Alba\u00a0de la\u00a0Subsecretar\u00eda de Cultura, con la presencia de autoridades, jurados y equipos postulantes. Los\u00a0proyectos\u00a0presentados incluyen\u00a0guion,\u00a0s\u00edntesis argumental,\u00a0planteo escenogr\u00e1fico,\u00a0direcci\u00f3n art\u00edstica\u00a0y\u00a0equipo art\u00edstico\u00a0tanto para el\u00a0Acto Central\u00a0como para la\u00a0Repetici\u00f3n\u00a0de la fiesta que marcar\u00e1 los\u00a090 a\u00f1os de Vendimia. El procedimiento se desarroll\u00f3 [&hellip;]<\/p>\n","protected":false},"author":2,"featured_media":15029,"comment_status":"open","ping_status":"open","sticky":false,"template":"","format":"standard","meta":[],"categories":[74],"tags":[],"_links":{"self":[{"href":"https:\/\/pasaenmendoza.com\/index.php?rest_route=\/wp\/v2\/posts\/15028"}],"collection":[{"href":"https:\/\/pasaenmendoza.com\/index.php?rest_route=\/wp\/v2\/posts"}],"about":[{"href":"https:\/\/pasaenmendoza.com\/index.php?rest_route=\/wp\/v2\/types\/post"}],"author":[{"embeddable":true,"href":"https:\/\/pasaenmendoza.com\/index.php?rest_route=\/wp\/v2\/users\/2"}],"replies":[{"embeddable":true,"href":"https:\/\/pasaenmendoza.com\/index.php?rest_route=%2Fwp%2Fv2%2Fcomments&post=15028"}],"version-history":[{"count":1,"href":"https:\/\/pasaenmendoza.com\/index.php?rest_route=\/wp\/v2\/posts\/15028\/revisions"}],"predecessor-version":[{"id":15030,"href":"https:\/\/pasaenmendoza.com\/index.php?rest_route=\/wp\/v2\/posts\/15028\/revisions\/15030"}],"wp:featuredmedia":[{"embeddable":true,"href":"https:\/\/pasaenmendoza.com\/index.php?rest_route=\/wp\/v2\/media\/15029"}],"wp:attachment":[{"href":"https:\/\/pasaenmendoza.com\/index.php?rest_route=%2Fwp%2Fv2%2Fmedia&parent=15028"}],"wp:term":[{"taxonomy":"category","embeddable":true,"href":"https:\/\/pasaenmendoza.com\/index.php?rest_route=%2Fwp%2Fv2%2Fcategories&post=15028"},{"taxonomy":"post_tag","embeddable":true,"href":"https:\/\/pasaenmendoza.com\/index.php?rest_route=%2Fwp%2Fv2%2Ftags&post=15028"}],"curies":[{"name":"wp","href":"https:\/\/api.w.org\/{rel}","templated":true}]}}