{"id":15031,"date":"2025-10-02T00:02:02","date_gmt":"2025-10-01T22:02:02","guid":{"rendered":"https:\/\/pasaenmendoza.com\/?p=15031"},"modified":"2025-10-02T00:02:03","modified_gmt":"2025-10-01T22:02:03","slug":"fayad-presento-el-presupuesto-2026-con-baja-de-impuestos-roll-over-y-equilibrio-fiscal-pero-no-superavit","status":"publish","type":"post","link":"https:\/\/pasaenmendoza.com\/?p=15031","title":{"rendered":"Fayad present\u00f3 el Presupuesto 2026 con baja de impuestos, roll over y equilibrio fiscal, pero no super\u00e1vit"},"content":{"rendered":"\n<p>Tal y como se esperaba el proyecto de\u00a0<strong>Presupuesto 2026\u00a0<\/strong>para Mendoza\u00a0<strong>no prev\u00e9 super\u00e1vit<\/strong>, sino cuidar el\u00a0<strong>equilibrio fiscal<\/strong>. El proyecto que ingres\u00f3 el ministro V\u00edctor Fayad en la Legislatura establece continuidad en la\u00a0<strong>baja de impuestos<\/strong>, que se le autorice a\u00a0<strong>refinanciar deuda\u00a0<\/strong>y marca incentivos para<strong>\u00a0fomentar la inversi\u00f3n y el empleo.<\/strong><\/p>\n\n\n\n<p>Alfredo Cornejo ya hab\u00eda anticipado que esta pauta de gastos no tendr\u00eda la pretensi\u00f3n de terminar con super\u00e1vit &#8220;porque&nbsp;<strong>la recaudaci\u00f3n ha bajado.<\/strong>&nbsp;Y el super\u00e1vit de nada nos sirve cuando queremos<strong>&nbsp;sostener la obra p\u00fablica<\/strong>, queremos sostener las obras de infraestructura\u201d, precis\u00f3.<\/p>\n\n\n\n<p>El proyecto de\u00a0<strong>Presupuesto 2026<\/strong>\u00a0contempla las variables econ\u00f3micas que ya hab\u00eda proyectado el Presupuesto nacional: crecimiento real del PBI de 5%; variaci\u00f3n interanual del IPC a diciembre de 2026 del 10,1%; y el precio del d\u00f3lar al cierre del ejercicio 2026 es de $1.423.<\/p>\n\n\n\n<p>En la presentaci\u00f3n del proyecto, se remarcaron conceptos que son la l\u00ednea argumental del Presupuesto: &#8220;hay medidas fiscales para&nbsp;<strong>fortalecer las finanzas p\u00fablicas<\/strong>&nbsp;y promover la&nbsp;<strong>sostenibilidad econ\u00f3mica<\/strong>&nbsp;a largo plazo&#8221; y&nbsp;<strong>&#8220;eficiencia del gasto p\u00fablico&#8221;<\/strong>&nbsp;y &#8220;equilibrar las demandas de la sociedad con los recursos disponibles&#8221;, siempre remarcando que esa pauta de gastos est\u00e1 enmarcada en un contexto econ\u00f3mico &#8220;que exige adaptabilidad y responsabilidad&#8221;.<\/p>\n\n\n\n<h2 class=\"wp-block-heading\">Inversi\u00f3n p\u00fablica y obras para el 2026<\/h2>\n\n\n\n<p>Para 2026, la&nbsp;<strong>inversi\u00f3n p\u00fablica alcanzar\u00e1 el 14,5%&nbsp;<\/strong>de los gastos totales, seg\u00fan remarcaron desde Hacieda se trata de la mayor participaci\u00f3n de los \u00faltimos 26 a\u00f1os.<\/p>\n\n\n\n<p>Esa inversi\u00f3n incluye &#8220;obras viales en todo el territorio, recuperaci\u00f3n de comisar\u00edas, ampliaci\u00f3n y modernizaci\u00f3n de hospitales, digitalizaci\u00f3n del sistema de salud, construcci\u00f3n de salas de nivel inicial y escuelas secundarias con mejoras de conectividad, y la continuidad de proyectos habitacionales del IPV&#8221;.<\/p>\n\n\n\n<p>Tambi\u00e9n se destaca que con los fondos del Resarcimiento por la Promoci\u00f3n Industrial se financian<strong>&nbsp;32 obras que est\u00e1n en ejecuci\u00f3n<\/strong>&nbsp;y en las cuales est\u00e1 previsto invertir de $1.006.832 millones a ejecutar entre 2025 y 2028, distribuidos en: 10,81% Agua y Saneamiento, 35,96% viales, 7,91% Energ\u00eda, 15,27% Irrigaci\u00f3n, 30,05% Transporte.<\/p>\n\n\n\n<p>A esto se suma la campa\u00f1a trianual contra la Lobesia Botrana, que cubrir\u00e1 50.000 hect\u00e1reas; la actualizaci\u00f3n de parques industriales y tecnol\u00f3gicos; y los programas ENLACE y ENLAZADOS, que promueven capacitaci\u00f3n y empleo formal.<\/p>\n\n\n\n<h2 class=\"wp-block-heading\">C\u00f3mo ser\u00e1 la baja en los impuestos de Ingresos Brutos y Patentes<\/h2>\n\n\n\n<p>En el&nbsp;<strong>Presupuesto 2026<\/strong>&nbsp;se sostiene la continuidad de la pol\u00edtica de bajar impuestos provinciales que viene desde el 2016. En el texto se remarca que esa consolidaci\u00f3n fiscal y la previsibilidad en las cuentas p\u00fablicas permiti\u00f3 reducir el endeudamiento y generar ahorro corriente.<\/p>\n\n\n\n<p>Ese ahorro, que se redujo durante los a\u00f1os 2025 y 2026, funcion\u00f3 como colch\u00f3n de la volatilidad econ\u00f3mica.<\/p>\n\n\n\n<p>Todo eso le permiti\u00f3 al Estado mendocino tener super\u00e1vit corriente desde 2018. Para 2025 y 2026 se prev\u00e9 continuar con cuentas equilibradas, para as\u00ed poder sostener mayores niveles de inversi\u00f3n p\u00fablica sin comprometer la sostenibilidad financiera.<\/p>\n\n\n\n<p>Por tanto para el 2026, el proyecto de Ley Impositiva profundiza la baja de impuestos:<\/p>\n\n\n\n<p>Para el caso de&nbsp;<strong>Ingresos Brutos<\/strong>&nbsp;se volver\u00e1 a reducir su carga sobre los sectores productivos primarios e intermedios. Se prev\u00e9 una baja de 0,5 puntos en servicios conexos a la agricultura, caza, silvicultura y pesca, lo que implica un alivio del 13% respecto de 2025.<\/p>\n\n\n\n<p>Tambi\u00e9n se reduce en 0,5 puntos la al\u00edcuota para servicios conexos a la explotaci\u00f3n de minas y canteras, equivalente a un 11% menos de presi\u00f3n fiscal. En el caso de los servicios vinculados a la industria, las rebajas van de 0,5 a 1,25 puntos porcentuales, lo que significa reducciones de entre 11% y 29% en la carga impositiva.<\/p>\n\n\n\n<p>Asimismo, se proyecta una disminuci\u00f3n de 0,25 puntos en restaurantes y hoteles, con una reducci\u00f3n de entre 6% y 13% de presi\u00f3n tributaria para esas actividades.<\/p>\n\n\n\n<p><strong>Fuente: www.diariouno.com.ar<\/strong><\/p>\n","protected":false},"excerpt":{"rendered":"<p>Tal y como se esperaba el proyecto de\u00a0Presupuesto 2026\u00a0para Mendoza\u00a0no prev\u00e9 super\u00e1vit, sino cuidar el\u00a0equilibrio fiscal. El proyecto que ingres\u00f3 el ministro V\u00edctor Fayad en la Legislatura establece continuidad en la\u00a0baja de impuestos, que se le autorice a\u00a0refinanciar deuda\u00a0y marca incentivos para\u00a0fomentar la inversi\u00f3n y el empleo. Alfredo Cornejo ya hab\u00eda anticipado que esta pauta [&hellip;]<\/p>\n","protected":false},"author":2,"featured_media":15032,"comment_status":"open","ping_status":"open","sticky":false,"template":"","format":"standard","meta":[],"categories":[47],"tags":[],"_links":{"self":[{"href":"https:\/\/pasaenmendoza.com\/index.php?rest_route=\/wp\/v2\/posts\/15031"}],"collection":[{"href":"https:\/\/pasaenmendoza.com\/index.php?rest_route=\/wp\/v2\/posts"}],"about":[{"href":"https:\/\/pasaenmendoza.com\/index.php?rest_route=\/wp\/v2\/types\/post"}],"author":[{"embeddable":true,"href":"https:\/\/pasaenmendoza.com\/index.php?rest_route=\/wp\/v2\/users\/2"}],"replies":[{"embeddable":true,"href":"https:\/\/pasaenmendoza.com\/index.php?rest_route=%2Fwp%2Fv2%2Fcomments&post=15031"}],"version-history":[{"count":1,"href":"https:\/\/pasaenmendoza.com\/index.php?rest_route=\/wp\/v2\/posts\/15031\/revisions"}],"predecessor-version":[{"id":15033,"href":"https:\/\/pasaenmendoza.com\/index.php?rest_route=\/wp\/v2\/posts\/15031\/revisions\/15033"}],"wp:featuredmedia":[{"embeddable":true,"href":"https:\/\/pasaenmendoza.com\/index.php?rest_route=\/wp\/v2\/media\/15032"}],"wp:attachment":[{"href":"https:\/\/pasaenmendoza.com\/index.php?rest_route=%2Fwp%2Fv2%2Fmedia&parent=15031"}],"wp:term":[{"taxonomy":"category","embeddable":true,"href":"https:\/\/pasaenmendoza.com\/index.php?rest_route=%2Fwp%2Fv2%2Fcategories&post=15031"},{"taxonomy":"post_tag","embeddable":true,"href":"https:\/\/pasaenmendoza.com\/index.php?rest_route=%2Fwp%2Fv2%2Ftags&post=15031"}],"curies":[{"name":"wp","href":"https:\/\/api.w.org\/{rel}","templated":true}]}}