{"id":15034,"date":"2025-10-02T00:06:41","date_gmt":"2025-10-01T22:06:41","guid":{"rendered":"https:\/\/pasaenmendoza.com\/?p=15034"},"modified":"2025-10-02T00:06:42","modified_gmt":"2025-10-01T22:06:42","slug":"cornejo-y-montero-anunciaron-la-construccion-en-el-hospital-notti-de-un-centro-ambulatorio","status":"publish","type":"post","link":"https:\/\/pasaenmendoza.com\/?p=15034","title":{"rendered":"Cornejo y Montero anunciaron la construcci\u00f3n en el hospital Notti de un centro ambulatorio"},"content":{"rendered":"\n<p>\u201cEn el\u00a0<strong>hospital Notti<\/strong>\u00a0construiremos el nuevo centro ambulatorio\u201d, anunci\u00f3 Alfredo Cornejo. Se trata de un edificio aleda\u00f1o al actual, que contar\u00e1 con 5 pisos. El gobernador y el ministro de Salud,\u00a0<strong>Rodolfo Montero,<\/strong>\u00a0comunicaron el pr\u00f3ximo llamado a licitaci\u00f3n para poner en marcha la primera etapa del masterplan de ese edificio.<\/p>\n\n\n\n<p>Seg\u00fan anticiparon desde el Gobierno, la&nbsp;<strong>inversi\u00f3n<\/strong>&nbsp;proyectada es de m\u00e1s de $27.000 millones.<\/p>\n\n\n\n<p>El edificio sumar\u00e1 12.700 m2 y se ubicar\u00e1 sobre avenida Bandera de los Andes y la lateral del Acceso Este, de Guaymall\u00e9n.<\/p>\n\n\n\n<h2 class=\"wp-block-heading\">Qu\u00e9 atender\u00e1 el nuevo edificio del hospital Notti<\/h2>\n\n\n\n<p>Tras el anuncio que el gobernador y el ministro hicieron por redes sociales, el Ministerio de&nbsp;<strong>Salud<\/strong>&nbsp;agreg\u00f3 que la obra tiene un plazo de ejecuci\u00f3n de 540 d\u00edas y el edificio contar\u00e1 con 5 niveles: subsuelo, planta baja, primer y segundo piso.<\/p>\n\n\n\n<p>\u201cLa obra permitir\u00e1 reordenar los servicios actuales y concentrar en un mismo edificio los consultorios especializados, hoy dispersos en distintos sectores e incluso en edificios externos alquilados\u201d, explicaron.<\/p>\n\n\n\n<p>En el centro ambulatorio del&nbsp;<strong>hospital Notti<\/strong>&nbsp;funcionar\u00e1n, adem\u00e1s, gabinetes de diagn\u00f3stico, servicios de rehabilitaci\u00f3n, oncolog\u00eda y hospital de d\u00eda.<\/p>\n\n\n\n<p>\u201cAdem\u00e1s, ser\u00e1 pionero en la Argentina al incorporar aisladores s\u00edsmicos, una tecnolog\u00eda que garantiza que el\u00a0<strong>hospital<\/strong>\u00a0siga funcionando a\u00fan despu\u00e9s de un terremoto severo\u201d, expres\u00f3\u00a0<strong>Cornejo<\/strong>.<\/p>\n\n\n\n<p>\u201cCon este paso y con las\u00a0intervenciones que ya est\u00e1n en marcha en cirug\u00eda cardiovascular, neurocirug\u00eda y trasplante pedi\u00e1trico, seguimos consolidando al\u00a0<strong>Notti<\/strong>\u00a0como un pilar de la salud infantil en Mendoza y la regi\u00f3n\u201d, dijo.<\/p>\n\n\n\n<h2 class=\"wp-block-heading\">Aisladores s\u00edsmicos en el centro ambulatorio del hospital Notti<\/h2>\n\n\n\n<p>El Gobierno de Mendoza destac\u00f3 que el dise\u00f1o del nuevo edificio del&nbsp;<strong>hospital de ni\u00f1os<\/strong>&nbsp;contar\u00e1 con parasoles para control solar, terrazas preparadas para la instalaci\u00f3n de paneles fotovoltaicos y calefones solares, y sistemas de climatizaci\u00f3n VRF de bajo consumo.<\/p>\n\n\n\n<p>Adem\u00e1s, como diferencial, anunci\u00f3 que implementar\u00e1n aisladores s\u00edsmicos de base, una tecnolog\u00eda de vanguardia aplicada por primera vez en un&nbsp;<strong>hospital p\u00fablico<\/strong>&nbsp;de la Argentina.<\/p>\n\n\n\n<p>Seg\u00fan explicaron, estos dispositivos desacoplan el movimiento del suelo de la estructura del edificio, reduciendo dr\u00e1sticamente el impacto de un sismo y asegurando la operatividad plena del hospital aun despu\u00e9s de un terremoto severo.<\/p>\n\n\n\n<p>\u201cLa construcci\u00f3n del centro ambulatorio en el\u00a0<strong>hospital Notti<\/strong>\u00a0es una decisi\u00f3n estrat\u00e9gica que consolida al hospital pedi\u00e1trico m\u00e1s importante del oeste argentino\u201d, resalt\u00f3 el ministro de Salud,\u00a0<strong>Rodolfo Montero<\/strong>.<\/p>\n\n\n\n<p><strong>Fuente: www.diariouno.com.ar<\/strong><\/p>\n","protected":false},"excerpt":{"rendered":"<p>\u201cEn el\u00a0hospital Notti\u00a0construiremos el nuevo centro ambulatorio\u201d, anunci\u00f3 Alfredo Cornejo. Se trata de un edificio aleda\u00f1o al actual, que contar\u00e1 con 5 pisos. El gobernador y el ministro de Salud,\u00a0Rodolfo Montero,\u00a0comunicaron el pr\u00f3ximo llamado a licitaci\u00f3n para poner en marcha la primera etapa del masterplan de ese edificio. Seg\u00fan anticiparon desde el Gobierno, la&nbsp;inversi\u00f3n&nbsp;proyectada es [&hellip;]<\/p>\n","protected":false},"author":2,"featured_media":15035,"comment_status":"open","ping_status":"open","sticky":false,"template":"","format":"standard","meta":[],"categories":[58],"tags":[],"_links":{"self":[{"href":"https:\/\/pasaenmendoza.com\/index.php?rest_route=\/wp\/v2\/posts\/15034"}],"collection":[{"href":"https:\/\/pasaenmendoza.com\/index.php?rest_route=\/wp\/v2\/posts"}],"about":[{"href":"https:\/\/pasaenmendoza.com\/index.php?rest_route=\/wp\/v2\/types\/post"}],"author":[{"embeddable":true,"href":"https:\/\/pasaenmendoza.com\/index.php?rest_route=\/wp\/v2\/users\/2"}],"replies":[{"embeddable":true,"href":"https:\/\/pasaenmendoza.com\/index.php?rest_route=%2Fwp%2Fv2%2Fcomments&post=15034"}],"version-history":[{"count":1,"href":"https:\/\/pasaenmendoza.com\/index.php?rest_route=\/wp\/v2\/posts\/15034\/revisions"}],"predecessor-version":[{"id":15036,"href":"https:\/\/pasaenmendoza.com\/index.php?rest_route=\/wp\/v2\/posts\/15034\/revisions\/15036"}],"wp:featuredmedia":[{"embeddable":true,"href":"https:\/\/pasaenmendoza.com\/index.php?rest_route=\/wp\/v2\/media\/15035"}],"wp:attachment":[{"href":"https:\/\/pasaenmendoza.com\/index.php?rest_route=%2Fwp%2Fv2%2Fmedia&parent=15034"}],"wp:term":[{"taxonomy":"category","embeddable":true,"href":"https:\/\/pasaenmendoza.com\/index.php?rest_route=%2Fwp%2Fv2%2Fcategories&post=15034"},{"taxonomy":"post_tag","embeddable":true,"href":"https:\/\/pasaenmendoza.com\/index.php?rest_route=%2Fwp%2Fv2%2Ftags&post=15034"}],"curies":[{"name":"wp","href":"https:\/\/api.w.org\/{rel}","templated":true}]}}