{"id":15037,"date":"2025-10-02T00:10:56","date_gmt":"2025-10-01T22:10:56","guid":{"rendered":"https:\/\/pasaenmendoza.com\/?p=15037"},"modified":"2025-10-02T00:10:57","modified_gmt":"2025-10-01T22:10:57","slug":"los-pronosticos-anticipan-posible-viento-zonda-con-rafagas-que-afectaran-a-mendoza-durante-el-sabado","status":"publish","type":"post","link":"https:\/\/pasaenmendoza.com\/?p=15037","title":{"rendered":"Los pron\u00f3sticos anticipan posible viento Zonda con r\u00e1fagas que afectar\u00e1n a Mendoza durante el s\u00e1bado"},"content":{"rendered":"\n<p>Los \u00faltimos fines de semana no pasaron desapercibidos debido a diferentes fen\u00f3menos meteorol\u00f3gicos, como frentes fr\u00edos con lluvias y hasta\u00a0<strong>nevadas<\/strong>, descensos bruscos de temperatura y hasta un virulento viento del sur que provoc\u00f3 ca\u00edda de \u00e1rboles y la muerte de una mujer. El pr\u00f3ximo s\u00e1bado podr\u00eda ser uno m\u00e1s debido a la posibilidad de\u00a0<strong>viento Zonda<\/strong>\u00a0en Mendoza y que sus r\u00e1fagas afecten el llano.<\/p>\n\n\n\n<p>El doctor en meteorolog\u00eda\u00a0<strong>Maximiliano Viale<\/strong>\u00a0anticip\u00f3 la probabilidad que el\u00a0<strong>viento Zonda<\/strong>\u00a0se haga sentir el pr\u00f3ximo s\u00e1bado en\u00a0<strong>Mendoza<\/strong>, seguido de un frente fr\u00edo que har\u00e1 bajar notoriamente el term\u00f3metro.<\/p>\n\n\n\n<p>En su informe sobre el&nbsp;<strong>pron\u00f3stico del tiempo<\/strong>,&nbsp;<strong>Viale&nbsp;<\/strong>explic\u00f3 que desde el jueves se espera un marcado&nbsp;<strong>aumento&nbsp;<\/strong>de las temperaturas como consecuencia de la presencia de&nbsp;<strong>viento norte<\/strong>, lo que har\u00e1 que para ese d\u00eda y para el viernes se registren 15 grados de m\u00ednima y 31 grados de m\u00e1xima.<\/p>\n\n\n\n<p>El s\u00e1bado ser\u00e1 el \u00faltimo d\u00eda de&nbsp;<strong>calor<\/strong>, con una m\u00e1xima que llegar\u00eda a los<strong>&nbsp;32 grados<\/strong>.<\/p>\n\n\n\n<h2 class=\"wp-block-heading\">El d\u00eda clave para el viento Zonda<\/h2>\n\n\n\n<p><strong>Maximiliano Viale<\/strong>&nbsp;advirti\u00f3 que hay probabilidad que el<strong>&nbsp;viento Zonda<\/strong>&nbsp;sople en toda la provincia durante la jornada del s\u00e1bado.<\/p>\n\n\n\n<p>Pero el especialista agreg\u00f3 que tambi\u00e9n existe la posibilidad que las\u00a0<strong>r\u00e1fagas\u00a0<\/strong>bajen al llano del\u00a0<strong>Gran Mendoza<\/strong>\u00a0desde el mediod\u00eda de ese mismo d\u00eda y se extienda durante la tarde.<\/p>\n\n\n\n<p>En caso que el&nbsp;<strong>viento Zonda<\/strong>&nbsp;baje, la recomendaci\u00f3n para todos es tomar las&nbsp;<strong>precauciones&nbsp;<\/strong>necesarias, evitar hacer actividad f\u00edsica, al igual que salir de las casas, y mantener a los ni\u00f1os y mayores bien hidratados, especialmente mientras dure el fen\u00f3meno.<\/p>\n\n\n\n<p>De todas formas,\u00a0<strong>Viale\u00a0<\/strong>sostuvo que en caso que el\u00a0<strong>viento Zonda<\/strong>\u00a0no baje al llano, la temperatura m\u00e1xima se mantendr\u00e1 en 31 o 32 grados debido al\u00a0calentamiento generado los d\u00edas anteriores\u00a0por el viento del norte.<\/p>\n\n\n\n<p>El domingo la temperatura caer\u00e1 dr\u00e1sticamente debido al ingreso del cl\u00e1sico&nbsp;<strong>frente fr\u00edo<\/strong>&nbsp;luego de un episodio de&nbsp;<strong>Zonda<\/strong>, con una m\u00e1xima que apenas superar\u00eda los 20 grados.<\/p>\n\n\n\n<h2 class=\"wp-block-heading\">Nevadas en alta monta\u00f1a como consecuencia del viento Zonda<\/h2>\n\n\n\n<p>El doctor en meteorolog\u00eda se\u00f1al\u00f3 que desde el s\u00e1bado se esperan algunas&nbsp;<strong>nevadas&nbsp;<\/strong>en el&nbsp;<strong>Paso Cristo Redentor<\/strong>, pero por el momento ser\u00edan leves y en un per\u00edodo corto.<\/p>\n\n\n\n<p>Otros\u00a0<strong>pron\u00f3sticos del tiempo<\/strong>\u00a0adelantaron que el domingo ser\u00e1 el d\u00eda que podr\u00eda extenderse la\u00a0<strong>nevada\u00a0<\/strong>durante 12 horas, lo que implicar\u00eda que la transitabilidad por la\u00a0<strong>cordillera\u00a0<\/strong>no sea segura.<\/p>\n\n\n\n<p>Por esta situaci\u00f3n es que siguen de cerca los&nbsp;<strong>pron\u00f3sticos&nbsp;<\/strong>para determinar si ser\u00e1 necesario el cierre o no del t\u00fanel internacional.<\/p>\n\n\n\n<p>Algo similar ocurrir\u00e1 en el\u00a0<strong>paso El Pehuenche<\/strong>, en\u00a0<strong>Malarg\u00fce<\/strong>, debido a que en esa zona tambi\u00e9n se espera\u00a0<strong>viento Zonda\u00a0<\/strong>para el s\u00e1bado, lo que complicar\u00eda la habilitaci\u00f3n de ese cruce hacia\u00a0<strong>Chile<\/strong>.<\/p>\n\n\n\n<p><strong>Fuente: www.diariouno.com.ar<\/strong><\/p>\n","protected":false},"excerpt":{"rendered":"<p>Los \u00faltimos fines de semana no pasaron desapercibidos debido a diferentes fen\u00f3menos meteorol\u00f3gicos, como frentes fr\u00edos con lluvias y hasta\u00a0nevadas, descensos bruscos de temperatura y hasta un virulento viento del sur que provoc\u00f3 ca\u00edda de \u00e1rboles y la muerte de una mujer. El pr\u00f3ximo s\u00e1bado podr\u00eda ser uno m\u00e1s debido a la posibilidad de\u00a0viento Zonda\u00a0en [&hellip;]<\/p>\n","protected":false},"author":2,"featured_media":15038,"comment_status":"open","ping_status":"open","sticky":false,"template":"","format":"standard","meta":[],"categories":[52],"tags":[],"_links":{"self":[{"href":"https:\/\/pasaenmendoza.com\/index.php?rest_route=\/wp\/v2\/posts\/15037"}],"collection":[{"href":"https:\/\/pasaenmendoza.com\/index.php?rest_route=\/wp\/v2\/posts"}],"about":[{"href":"https:\/\/pasaenmendoza.com\/index.php?rest_route=\/wp\/v2\/types\/post"}],"author":[{"embeddable":true,"href":"https:\/\/pasaenmendoza.com\/index.php?rest_route=\/wp\/v2\/users\/2"}],"replies":[{"embeddable":true,"href":"https:\/\/pasaenmendoza.com\/index.php?rest_route=%2Fwp%2Fv2%2Fcomments&post=15037"}],"version-history":[{"count":1,"href":"https:\/\/pasaenmendoza.com\/index.php?rest_route=\/wp\/v2\/posts\/15037\/revisions"}],"predecessor-version":[{"id":15039,"href":"https:\/\/pasaenmendoza.com\/index.php?rest_route=\/wp\/v2\/posts\/15037\/revisions\/15039"}],"wp:featuredmedia":[{"embeddable":true,"href":"https:\/\/pasaenmendoza.com\/index.php?rest_route=\/wp\/v2\/media\/15038"}],"wp:attachment":[{"href":"https:\/\/pasaenmendoza.com\/index.php?rest_route=%2Fwp%2Fv2%2Fmedia&parent=15037"}],"wp:term":[{"taxonomy":"category","embeddable":true,"href":"https:\/\/pasaenmendoza.com\/index.php?rest_route=%2Fwp%2Fv2%2Fcategories&post=15037"},{"taxonomy":"post_tag","embeddable":true,"href":"https:\/\/pasaenmendoza.com\/index.php?rest_route=%2Fwp%2Fv2%2Ftags&post=15037"}],"curies":[{"name":"wp","href":"https:\/\/api.w.org\/{rel}","templated":true}]}}