{"id":15046,"date":"2025-10-02T00:57:35","date_gmt":"2025-10-01T22:57:35","guid":{"rendered":"https:\/\/pasaenmendoza.com\/?p=15046"},"modified":"2025-10-02T00:57:36","modified_gmt":"2025-10-01T22:57:36","slug":"condenaron-a-seis-personas-por-traficar-20-kilos-de-cocaina-en-las-heras","status":"publish","type":"post","link":"https:\/\/pasaenmendoza.com\/?p=15046","title":{"rendered":"Condenaron a seis personas por traficar 20 kilos de coca\u00edna en Las Heras"},"content":{"rendered":"\n<p>El&nbsp;<strong>Tribunal Oral en lo Criminal Federal N\u00b02&nbsp;<\/strong>de Mendoza conden\u00f3 a seis personas a penas de entre 3 y 8 a\u00f1os de prisi\u00f3n por el transporte de m\u00e1s de&nbsp;<strong>20 kilos de coca\u00edna&nbsp;<\/strong>desde el norte del pa\u00eds hacia la provincia. La sentencia se dict\u00f3 el 8 de septiembre y los fundamentos se conocieron una semana despu\u00e9s.<\/p>\n\n\n\n<p>La investigaci\u00f3n se hab\u00eda iniciado en 2022 a partir de escuchas telef\u00f3nicas que revelaron maniobras vinculadas al narcotr\u00e1fico. Con esa informaci\u00f3n, el&nbsp;<strong>18 de julio de 2023 l<\/strong>a polic\u00eda intercept\u00f3 en la localidad de Las Heras un cami\u00f3n Mercedes Benz con acoplado.&nbsp;<\/p>\n\n\n\n<p>Entre la carga de chatarra se hall\u00f3 un tubo met\u00e1lico de tres metros de largo, soldado en ambos extremos, que escond\u00eda 18 ladrillos de coca\u00edna con un peso total de 20,150 kilos.<\/p>\n\n\n\n<p>Los jueces\u00a0<strong>Pablo Gabriel Salinas, Alejandro Waldo Pi\u00f1a y H\u00e9ctor Fabi\u00e1n<\/strong>\u00a0Cort\u00e9s coincidieron con el pedido de la fiscal\u00eda y aplicaron duras condenas.\u00a0<strong>Sergio Alejandro &#8220;Sonte&#8221; Ort\u00edz Argones y Ram\u00f3n Humberto &#8220;Ulla&#8221; Salvatierra<\/strong>\u00a0recibieron 8 a\u00f1os de prisi\u00f3n como coautores.\u00a0<strong>Sebasti\u00e1n Kummer\u00a0<\/strong>fue condenado a 7 a\u00f1os y 6 meses, y\u00a0<strong>Armando V\u00edctor &#8220;Flaco&#8221; R\u00edos<\/strong>\u00a0a 7 a\u00f1os.<\/p>\n\n\n\n<p><strong>Carlos Osvaldo Pe\u00f1alba M\u00e1rquez<\/strong>, chofer del cami\u00f3n, recibi\u00f3 5 a\u00f1os de prisi\u00f3n, mientras que&nbsp;<strong>\u00c1ngela Vanesa Ort\u00edz<\/strong>&nbsp;fue condenada a 3 a\u00f1os de prisi\u00f3n en suspenso, con reglas de conducta como fijar residencia, adoptar un oficio y abstenerse del consumo de drogas.<\/p>\n\n\n\n<p>Adem\u00e1s, el tribunal orden\u00f3 el decomiso de dos motocicletas, tel\u00e9fonos celulares y m\u00e1s de 200 mil pesos secuestrados durante los allanamientos.<\/p>\n\n\n\n<p><strong>C\u00f3mo era la operatoria<\/strong><\/p>\n\n\n\n<p>En el fallo se determin\u00f3 que los acusados actuaban de manera coordinada, con roles diferenciados. Ort\u00edz Argones era se\u00f1alado como el capitalista y l\u00edder, Kummer como su brazo ejecutor, R\u00edos cumpl\u00eda tareas log\u00edsticas, y Salvatierra era el nexo con los proveedores. Pe\u00f1alba M\u00e1rquez, en tanto, no integraba la organizaci\u00f3n pero sab\u00eda lo que transportaba.<\/p>\n\n\n\n<p>El debate oral comenz\u00f3 el 25 de agosto y se extendi\u00f3 durante cinco jornadas. La auxiliar fiscal Anal\u00eda Zanessi, junto a la prosecretaria Carolina Martina, repas\u00f3 las pruebas que terminaron por confirmar la responsabilidad de los acusados.<\/p>\n\n\n\n<p>De esta manera, se cerr\u00f3 este proceso contra esta organizaci\u00f3n criminal que trasladaba coca\u00edna a Mendoza utilizando camiones y log\u00edstica encubierta.<\/p>\n\n\n\n<p><strong>Fuente: www.mendozapost.com<\/strong><\/p>\n","protected":false},"excerpt":{"rendered":"<p>El&nbsp;Tribunal Oral en lo Criminal Federal N\u00b02&nbsp;de Mendoza conden\u00f3 a seis personas a penas de entre 3 y 8 a\u00f1os de prisi\u00f3n por el transporte de m\u00e1s de&nbsp;20 kilos de coca\u00edna&nbsp;desde el norte del pa\u00eds hacia la provincia. La sentencia se dict\u00f3 el 8 de septiembre y los fundamentos se conocieron una semana despu\u00e9s. La [&hellip;]<\/p>\n","protected":false},"author":2,"featured_media":15047,"comment_status":"open","ping_status":"open","sticky":false,"template":"","format":"standard","meta":[],"categories":[48],"tags":[],"_links":{"self":[{"href":"https:\/\/pasaenmendoza.com\/index.php?rest_route=\/wp\/v2\/posts\/15046"}],"collection":[{"href":"https:\/\/pasaenmendoza.com\/index.php?rest_route=\/wp\/v2\/posts"}],"about":[{"href":"https:\/\/pasaenmendoza.com\/index.php?rest_route=\/wp\/v2\/types\/post"}],"author":[{"embeddable":true,"href":"https:\/\/pasaenmendoza.com\/index.php?rest_route=\/wp\/v2\/users\/2"}],"replies":[{"embeddable":true,"href":"https:\/\/pasaenmendoza.com\/index.php?rest_route=%2Fwp%2Fv2%2Fcomments&post=15046"}],"version-history":[{"count":1,"href":"https:\/\/pasaenmendoza.com\/index.php?rest_route=\/wp\/v2\/posts\/15046\/revisions"}],"predecessor-version":[{"id":15048,"href":"https:\/\/pasaenmendoza.com\/index.php?rest_route=\/wp\/v2\/posts\/15046\/revisions\/15048"}],"wp:featuredmedia":[{"embeddable":true,"href":"https:\/\/pasaenmendoza.com\/index.php?rest_route=\/wp\/v2\/media\/15047"}],"wp:attachment":[{"href":"https:\/\/pasaenmendoza.com\/index.php?rest_route=%2Fwp%2Fv2%2Fmedia&parent=15046"}],"wp:term":[{"taxonomy":"category","embeddable":true,"href":"https:\/\/pasaenmendoza.com\/index.php?rest_route=%2Fwp%2Fv2%2Fcategories&post=15046"},{"taxonomy":"post_tag","embeddable":true,"href":"https:\/\/pasaenmendoza.com\/index.php?rest_route=%2Fwp%2Fv2%2Ftags&post=15046"}],"curies":[{"name":"wp","href":"https:\/\/api.w.org\/{rel}","templated":true}]}}