{"id":1505,"date":"2023-09-18T14:07:59","date_gmt":"2023-09-18T12:07:59","guid":{"rendered":"https:\/\/pasaenmendoza.com\/?p=1505"},"modified":"2023-09-18T14:08:01","modified_gmt":"2023-09-18T12:08:01","slug":"debate-ganadores-y-perdedores-de-un-encuentro-de-candidatos-que-no-sumo-nada","status":"publish","type":"post","link":"https:\/\/pasaenmendoza.com\/?p=1505","title":{"rendered":"Debate: Ganadores y perdedores de un encuentro de candidatos que no sum\u00f3 nada"},"content":{"rendered":"\n<p>Cornejo fue el m\u00e1s aplomado, De Marchi el que m\u00e1s arriesg\u00f3, Vadillo el que se fue de rutina porque no arriesgaba nada, Parisi el m\u00e1s nervioso y Jim\u00e9nez el que m\u00e1s calmo se mostr\u00f3.<\/p>\n\n\n\n<p>El\u00a0<strong>debate\u00a0<\/strong>obligatorio que organiz\u00f3 la Junta electoral no ten\u00eda un formato que promoviera la confrontaci\u00f3n, sino la exposici\u00f3n de ideas. Pero se top\u00f3 con el problema del tiempo, la falta de experiencia y\u00a0 una din\u00e1mica err\u00e1tica. Era poco tiempo para exponer ideas, y un formato fallido para el\u00a0<strong>debate\u00a0<\/strong>real. Igual, hubo cruces, acusaciones, algunas ideas vagas, pero pocas precisiones. Muchas m\u00e1s expresiones de deseo que pautas concretas de qu\u00e9, c\u00f3mo y qu\u00e9 quieren hacer los dirigentes que quieren gobernar.\u00a0<\/p>\n\n\n\n<p>La transmisi\u00f3n sirvi\u00f3 m\u00e1s para consolidar adhesiones, que para sumar. Para algunos eso ya es ganar. En el an\u00e1lisis discursivo, hay m\u00e1s para obviar que para profundizar. Una ret\u00f3rica llama, oratoria pobre y ni una cita que amerite algo de entusiasma intelectual. La sobriedad extrema de Cornejo, las chicanas de De Marchi, el lenguaje soez de Vadillo, los furcios de Parisi y la correcci\u00f3n de Jim\u00e9nez solo alcanzan para un pobre decir sin vuelo.\u00a0<\/p>\n\n\n\n<p>A nivel institucional y pol\u00edtico hay un mensaje confuso. Lo positivo que tiene obligar a que haya un&nbsp;<strong>debate<\/strong>, lo contrapone algo que es doblemente perjudicial: tomarlo como \u00fanica posibilidad de reunir a todos los candidatos. Para colmo, organizado por el Estado; por quienes conducen el Estado. Adem\u00e1s la campa\u00f1a 2023 fue tan especial que hasta ahora no hab\u00eda ocurrido ning\u00fan encuentro de los 5 candidatos, que no se cruzaron ni apretones de manos.&nbsp;<\/p>\n\n\n\n<p>Cada candidato tuvo su punto fuerte y d\u00e9bil. Tambi\u00e9n estrategias obvias. En general hubo poca empat\u00eda con lo que ocurre puertas afuera y mucho m\u00e1s de autorreferencia. Chicanas, recuerdos, datos al voleo y acusaciones tuvieron m\u00e1s recurrencia que las menciones positivas hacia la gesti\u00f3n futura.\u00a0\u00a0<\/p>\n\n\n\n<p><strong>Alfredo Cornejo<\/strong>\u00a0fue el m\u00e1s aplomado y el que menos arriesg\u00f3. Al ser el candidato oficialista se preve\u00eda que fuera blanco de todas las cr\u00edticas. Fue conservador en las promesas, adusto en los gestos y ahond\u00f3 en su experiencia como gobernador. All\u00ed trat\u00f3 de usar a su favor algo que en el contexto nacional podr\u00eda ser una contra; ser parte de la &#8220;casta&#8221; y sobre todo haber gobernado. De hecho\u00a0<strong>Cornejo\u00a0<\/strong>puede convertirse en el primer gobernador en ser reelecto de manera alternada desde el retorno de la democracia. Casi no respondi\u00f3 cuestionamientos, apegado al gui\u00f3n de quien gobierna. Solo cay\u00f3 en la tentaci\u00f3n de responder al sugerir que sus pares hab\u00edan mentido sobre el atril. Incluso obvi\u00f3 muchos temas que le ocuparon tiempo en el detr\u00e1s de escena, como las denuncias contra Daniel Orozco.\u00a0<strong>Cornejo\u00a0<\/strong>se ocupa del tema mucho m\u00e1s de lo que dice y en el\u00a0<strong>debate\u00a0<\/strong>estuvo ausente; evit\u00f3 oficial de denunciante. Gan\u00f3 en aplomo, perdi\u00f3 en empat\u00eda por la sobriedad extrema de su mensaje.<\/p>\n\n\n\n<p><strong>Omar De Marchi<\/strong>\u00a0es quien m\u00e1s pod\u00eda captar la atenci\u00f3n de los votantes dudosos, si es que el\u00a0<strong>debate\u00a0<\/strong>sirve para ello. Bas\u00f3 su campa\u00f1a y el lanzamiento de una nueva fuerza pol\u00edtica en el anticornejismo y por eso busc\u00f3 desde el primer minuto denunciar a\u00a0<strong>Cornejo\u00a0<\/strong>por haber copado los espacios de poder. Provoc\u00f3 a\u00a0<strong>Cornejo\u00a0<\/strong>cada vez que pudo, pero el formato atentaba contra esas intenciones. &#8220;El candidato de la derecha&#8221;, repiti\u00f3 varias veces, sin advertir que el campo visual solo lo alcanzaba a \u00e9l. La referencia ret\u00f3rica a\u00a0<strong>Cornejo\u00a0<\/strong>puede haber tenido destinatarios obvios y pocos convencidos nuevos. Como su principal rival, tiene un rodaje pol\u00edtico que le otorga m\u00e1s ductilidad frente a c\u00e1mara. Gan\u00f3 con algunas propuestas, pero la redundancia de los ataques hacia\u00a0<strong>Cornejo\u00a0<\/strong>aburrieron. Nuevamente, el formato atent\u00f3 contra esas intenciones y desaprovech\u00f3 tiempo.<\/p>\n\n\n\n<p>Mario Vadillo era el que menos arriesgaba, menos ten\u00eda que perder y quien en ese rol sin responsabilidad tuvo la lengua m\u00e1s suelta. Su blanco no fue&nbsp;<strong>Cornejo<\/strong>, sino&nbsp;<strong>Omar De Marchi<\/strong>. Tambi\u00e9n se apropi\u00f3 de un concepto que no tuvo &#8220;padre&#8221; en la campa\u00f1a local: casta. Vadillo, perdido por perdido, tom\u00f3 la bandera antipol\u00edtica, a\u00fan cuando ya fue legislador provincial, candidato a vicegobernador y form\u00f3 parte de varias estructuras. Sin ataduras, hasta us\u00f3 un lenguaje soez al hablar de &#8220;pernos&#8221;. Detr\u00e1s de escena Vadillo sonri\u00f3 con el propio exgobenador y su candidata a vice. Gan\u00f3, sabiendo que sus posibilidades son escasas.<\/p>\n\n\n\n<p>Omar Parisi fue el que m\u00e1s pag\u00f3 el rigor del vivo, los nervios del debut y las dudas. Tuvo furcios, se tropez\u00f3 con las palabras y confundi\u00f3 conceptos. Con el correr de la noche mejor\u00f3 el desempe\u00f1o cuando se apalanc\u00f3 en errores ajenos. &#8220;Gracias&nbsp;<strong>Cornejo&nbsp;<\/strong>por reconocer que Suarez no trabaja&#8221;, dijo en un momento. Parisi tiene perfil bajo y no capitaliz\u00f3 la &#8220;humildad&#8221;. Fue el \u00fanico que llor\u00f3 al hablar. Ensayado o no, solt\u00f3 algunas l\u00e1grimas al recordar a su familia. La lista de temas le dio una oportunidad \u00fanica: su campa\u00f1a est\u00e1 basada en la propuesta de construir casas. No aprovech\u00f3 del todo. Estuvo apegado al gui\u00f3n que us\u00f3 en toda la campa\u00f1a, con las mismas met\u00e1foras, an\u00e9cdotas y propuestas.&nbsp;<\/p>\n\n\n\n<p>Los dirigentes pol\u00edticos mendocinos tienen fama de ser cordiales, amables y respetuosos, m\u00e1s por glorias pasadas que por un presente ilustre. Pues Lautaro Jim\u00e9nez es quien quiz\u00e1 cumple m\u00e1s cabalmente con esas caracter\u00edsticas. El candidato de la Izquierda mendocina fue el m\u00e1s correcto. Sin insultos, agresiones y golpes bajos, hasta mantuvo la compostura para denunciar que a su candidata a vicegobernadora la &#8220;borraron&#8221; ins\u00f3litamente del\u00a0<strong>debate<\/strong>. Jim\u00e9nez gana en tranquilidad, pero pierde en carisma y \u00e9nfasis. Casi como un pastor, habla tranquilo y pausado.\u00a0\u00a0<\/p>\n\n\n\n<p>FUENTE: mdzonline.<\/p>\n","protected":false},"excerpt":{"rendered":"<p>Cornejo fue el m\u00e1s aplomado, De Marchi el que m\u00e1s arriesg\u00f3, Vadillo el que se fue de rutina porque no arriesgaba nada, Parisi el m\u00e1s nervioso y Jim\u00e9nez el que m\u00e1s calmo se mostr\u00f3. El\u00a0debate\u00a0obligatorio que organiz\u00f3 la Junta electoral no ten\u00eda un formato que promoviera la confrontaci\u00f3n, sino la exposici\u00f3n de ideas. Pero se [&hellip;]<\/p>\n","protected":false},"author":2,"featured_media":1509,"comment_status":"open","ping_status":"open","sticky":true,"template":"","format":"standard","meta":[],"categories":[47],"tags":[],"_links":{"self":[{"href":"https:\/\/pasaenmendoza.com\/index.php?rest_route=\/wp\/v2\/posts\/1505"}],"collection":[{"href":"https:\/\/pasaenmendoza.com\/index.php?rest_route=\/wp\/v2\/posts"}],"about":[{"href":"https:\/\/pasaenmendoza.com\/index.php?rest_route=\/wp\/v2\/types\/post"}],"author":[{"embeddable":true,"href":"https:\/\/pasaenmendoza.com\/index.php?rest_route=\/wp\/v2\/users\/2"}],"replies":[{"embeddable":true,"href":"https:\/\/pasaenmendoza.com\/index.php?rest_route=%2Fwp%2Fv2%2Fcomments&post=1505"}],"version-history":[{"count":1,"href":"https:\/\/pasaenmendoza.com\/index.php?rest_route=\/wp\/v2\/posts\/1505\/revisions"}],"predecessor-version":[{"id":1510,"href":"https:\/\/pasaenmendoza.com\/index.php?rest_route=\/wp\/v2\/posts\/1505\/revisions\/1510"}],"wp:featuredmedia":[{"embeddable":true,"href":"https:\/\/pasaenmendoza.com\/index.php?rest_route=\/wp\/v2\/media\/1509"}],"wp:attachment":[{"href":"https:\/\/pasaenmendoza.com\/index.php?rest_route=%2Fwp%2Fv2%2Fmedia&parent=1505"}],"wp:term":[{"taxonomy":"category","embeddable":true,"href":"https:\/\/pasaenmendoza.com\/index.php?rest_route=%2Fwp%2Fv2%2Fcategories&post=1505"},{"taxonomy":"post_tag","embeddable":true,"href":"https:\/\/pasaenmendoza.com\/index.php?rest_route=%2Fwp%2Fv2%2Ftags&post=1505"}],"curies":[{"name":"wp","href":"https:\/\/api.w.org\/{rel}","templated":true}]}}