{"id":15053,"date":"2025-10-02T13:59:52","date_gmt":"2025-10-02T11:59:52","guid":{"rendered":"https:\/\/pasaenmendoza.com\/?p=15053"},"modified":"2025-10-02T13:59:53","modified_gmt":"2025-10-02T11:59:53","slug":"el-tiempo-en-mendoza-para-este-jueves-se-instala-un-mini-verano-a-la-espera-del-zonda","status":"publish","type":"post","link":"https:\/\/pasaenmendoza.com\/?p=15053","title":{"rendered":"El tiempo en Mendoza para este jueves: se instala un mini verano a la espera del Zonda"},"content":{"rendered":"\n<p>La temperatura m\u00e1xima subir\u00e1 a los 30 grados cent\u00edgrados, mientras que la m\u00ednima estar\u00e1 en los 11 grados cent\u00edgrados.<\/p>\n\n\n\n<p>Habr\u00e1 \u201cpoca nubosidad con ascenso de la temperatura, vientos leves del noreste\u201d.<\/p>\n\n\n\n<p>Respecto al viento, se espera circulaci\u00f3n leve de norte a sur, desde las 11 hasta la medianoche, especialmente, en zona Este, con menor intensidad en el Gran Mendoza y Valle de Uco.<\/p>\n\n\n\n<p>Desde las 18 estar\u00e1 seminublado en la zona Sur y zona Central.<\/p>\n\n\n\n<p>El tiempo en alta monta\u00f1a: \u201cPoco nuboso en cordillera\u201d. Desde las 17, seminublado en la zona Sur, pero sin precipitaciones.<\/p>\n\n\n\n<h2 class=\"wp-block-heading\" id=\"h-zonda\">Zonda<\/h2>\n\n\n\n<p>Se espera viento Zonda el d\u00eda s\u00e1bado, desde temprano en zona Sur y zona Oeste de Malarg\u00fce y Valle de Uspallata.<\/p>\n\n\n\n<p>Podr\u00edan regisrtrarse velocidades promedio de 55 y 60 kil\u00f3metros por hora, extendi\u00e9ndose hacia Valle de Uco y San Rafael.<\/p>\n\n\n\n<p>En el Gran Mendoza, se esperan r\u00e1fagas desde las 16, con velocidades moderadas.<\/p>\n\n\n\n<p>Luego, ingresar\u00e1 el frente fr\u00edo, con viento sur desde las 21 en zona Noreste, con velocidades de 45 kil\u00f3metros por hora.<\/p>\n\n\n\n<p><strong>Fuente: www.elsol.com.ar<\/strong><\/p>\n","protected":false},"excerpt":{"rendered":"<p>La temperatura m\u00e1xima subir\u00e1 a los 30 grados cent\u00edgrados, mientras que la m\u00ednima estar\u00e1 en los 11 grados cent\u00edgrados. Habr\u00e1 \u201cpoca nubosidad con ascenso de la temperatura, vientos leves del noreste\u201d. Respecto al viento, se espera circulaci\u00f3n leve de norte a sur, desde las 11 hasta la medianoche, especialmente, en zona Este, con menor intensidad [&hellip;]<\/p>\n","protected":false},"author":2,"featured_media":15054,"comment_status":"open","ping_status":"open","sticky":false,"template":"","format":"standard","meta":[],"categories":[52],"tags":[],"_links":{"self":[{"href":"https:\/\/pasaenmendoza.com\/index.php?rest_route=\/wp\/v2\/posts\/15053"}],"collection":[{"href":"https:\/\/pasaenmendoza.com\/index.php?rest_route=\/wp\/v2\/posts"}],"about":[{"href":"https:\/\/pasaenmendoza.com\/index.php?rest_route=\/wp\/v2\/types\/post"}],"author":[{"embeddable":true,"href":"https:\/\/pasaenmendoza.com\/index.php?rest_route=\/wp\/v2\/users\/2"}],"replies":[{"embeddable":true,"href":"https:\/\/pasaenmendoza.com\/index.php?rest_route=%2Fwp%2Fv2%2Fcomments&post=15053"}],"version-history":[{"count":1,"href":"https:\/\/pasaenmendoza.com\/index.php?rest_route=\/wp\/v2\/posts\/15053\/revisions"}],"predecessor-version":[{"id":15055,"href":"https:\/\/pasaenmendoza.com\/index.php?rest_route=\/wp\/v2\/posts\/15053\/revisions\/15055"}],"wp:featuredmedia":[{"embeddable":true,"href":"https:\/\/pasaenmendoza.com\/index.php?rest_route=\/wp\/v2\/media\/15054"}],"wp:attachment":[{"href":"https:\/\/pasaenmendoza.com\/index.php?rest_route=%2Fwp%2Fv2%2Fmedia&parent=15053"}],"wp:term":[{"taxonomy":"category","embeddable":true,"href":"https:\/\/pasaenmendoza.com\/index.php?rest_route=%2Fwp%2Fv2%2Fcategories&post=15053"},{"taxonomy":"post_tag","embeddable":true,"href":"https:\/\/pasaenmendoza.com\/index.php?rest_route=%2Fwp%2Fv2%2Ftags&post=15053"}],"curies":[{"name":"wp","href":"https:\/\/api.w.org\/{rel}","templated":true}]}}