{"id":15060,"date":"2025-10-03T01:18:02","date_gmt":"2025-10-02T23:18:02","guid":{"rendered":"https:\/\/pasaenmendoza.com\/?p=15060"},"modified":"2025-10-03T01:18:03","modified_gmt":"2025-10-02T23:18:03","slug":"la-estrategia-de-fayad-para-que-el-93-de-las-motos-pague-una-sola-vez-el-impuesto-automotor","status":"publish","type":"post","link":"https:\/\/pasaenmendoza.com\/?p=15060","title":{"rendered":"La estrategia de Fayad para que el 93% de las motos pague una sola vez el Impuesto Automotor"},"content":{"rendered":"\n<p>Junto con el proyecto del<strong>\u00a0Presupuesto 2026<\/strong>, el ministro de Hacienda,<strong>\u00a0V\u00edctor Fayad<\/strong>\u00a0present\u00f3 tambi\u00e9n la iniciativa de la Ley Impositiva en la que incluy\u00f3 una estrategia para cobrarle el\u00a0<strong>Impuesto Automotor<\/strong>\u00a0a las motos que cuesten menos de $10 millones, una franja que tiene una alta mora en ese impuesto.<\/p>\n\n\n\n<p>Ide\u00f3 que el&nbsp;<strong>93% de las motos<\/strong>&nbsp;radicadas en la provincia paguen ese&nbsp;<strong>impuesto anual<\/strong>&nbsp;por \u00fanica vez y queden<strong>&nbsp;liberadas<\/strong>&nbsp;de seguir pag\u00e1ndolo. Eso se aplicar\u00e1 tanto a las&nbsp;<strong>motos usadas&nbsp;<\/strong>como a las&nbsp;<strong>0km<\/strong>&nbsp;que salgan de las agencias con la emisi\u00f3n de ese boleto anual. En su estrategia impositiva Fayad lo titul\u00f3 como &#8220;pago \u00fanico y liberatorio&#8221;.<\/p>\n\n\n\n<p>&#8220;Nuestra intenci\u00f3n es avanzar con vendedores de<strong>\u00a0motos<\/strong>\u00a0para que junto con el valor de la moto cobren por \u00fanica vez el impuesto automotor y ya queda autom\u00e1ticamente liberada desde que se da de alta en el registro&#8221;, explic\u00f3 Fayad.<\/p>\n\n\n\n<h2 class=\"wp-block-heading\">Cu\u00e1ntos veh\u00edculos quedar\u00e1n exentos del impuesto<\/h2>\n\n\n\n<p>El ministro marc\u00f3 que para definir a qu\u00e9<strong>\u00a0motos<\/strong>\u00a0alcanza ese beneficio se tomar\u00e1 como referencia &#8220;el valor de mercado. Por supuesto que va a depender del estado de la moto y otras variables, pero m\u00e1s del 93% de los motoveh\u00edculos est\u00e1n por debajo de su umbral&#8221;, insisti\u00f3 en referencia al tope que marc\u00f3 de $10 millones.<\/p>\n\n\n\n<p>Seg\u00fan record\u00f3 esta estrategia no es nueva, porque en el Gobierno decidieron retomarla para el 2026 porque analizaron que un gran porcentaje de los due\u00f1os de&nbsp;<strong>motos<\/strong>&nbsp;de baja cilindrada tiene un alto nivel de mora en el pago del<strong>&nbsp;Impuesto Automotor<\/strong>&nbsp;y &#8220;los valores del impuesto de las motos son tan chicos que a veces cuesta m\u00e1s perseguir esa mora que lo que lo que se gana recuperando el pago. Por eso estamos tratando de atacar ese problema operativo y administrativo&#8221;, reconoci\u00f3.<\/p>\n\n\n\n<p>Tambi\u00e9n aclar\u00f3 que el valor del impuesto que deber\u00edan pagar los due\u00f1os de esas motos es un monto que est\u00e1 atado al valor de ese rodado y que se contempla el total del valor anual para poder liberarse de continuar pagando ese\u00a0<strong>tributo<\/strong>.<\/p>\n\n\n\n<p><strong>Fuente: www.diariouno.com.ar<\/strong><\/p>\n","protected":false},"excerpt":{"rendered":"<p>Junto con el proyecto del\u00a0Presupuesto 2026, el ministro de Hacienda,\u00a0V\u00edctor Fayad\u00a0present\u00f3 tambi\u00e9n la iniciativa de la Ley Impositiva en la que incluy\u00f3 una estrategia para cobrarle el\u00a0Impuesto Automotor\u00a0a las motos que cuesten menos de $10 millones, una franja que tiene una alta mora en ese impuesto. Ide\u00f3 que el&nbsp;93% de las motos&nbsp;radicadas en la provincia [&hellip;]<\/p>\n","protected":false},"author":2,"featured_media":15061,"comment_status":"open","ping_status":"open","sticky":false,"template":"","format":"standard","meta":[],"categories":[75],"tags":[],"_links":{"self":[{"href":"https:\/\/pasaenmendoza.com\/index.php?rest_route=\/wp\/v2\/posts\/15060"}],"collection":[{"href":"https:\/\/pasaenmendoza.com\/index.php?rest_route=\/wp\/v2\/posts"}],"about":[{"href":"https:\/\/pasaenmendoza.com\/index.php?rest_route=\/wp\/v2\/types\/post"}],"author":[{"embeddable":true,"href":"https:\/\/pasaenmendoza.com\/index.php?rest_route=\/wp\/v2\/users\/2"}],"replies":[{"embeddable":true,"href":"https:\/\/pasaenmendoza.com\/index.php?rest_route=%2Fwp%2Fv2%2Fcomments&post=15060"}],"version-history":[{"count":1,"href":"https:\/\/pasaenmendoza.com\/index.php?rest_route=\/wp\/v2\/posts\/15060\/revisions"}],"predecessor-version":[{"id":15062,"href":"https:\/\/pasaenmendoza.com\/index.php?rest_route=\/wp\/v2\/posts\/15060\/revisions\/15062"}],"wp:featuredmedia":[{"embeddable":true,"href":"https:\/\/pasaenmendoza.com\/index.php?rest_route=\/wp\/v2\/media\/15061"}],"wp:attachment":[{"href":"https:\/\/pasaenmendoza.com\/index.php?rest_route=%2Fwp%2Fv2%2Fmedia&parent=15060"}],"wp:term":[{"taxonomy":"category","embeddable":true,"href":"https:\/\/pasaenmendoza.com\/index.php?rest_route=%2Fwp%2Fv2%2Fcategories&post=15060"},{"taxonomy":"post_tag","embeddable":true,"href":"https:\/\/pasaenmendoza.com\/index.php?rest_route=%2Fwp%2Fv2%2Ftags&post=15060"}],"curies":[{"name":"wp","href":"https:\/\/api.w.org\/{rel}","templated":true}]}}