{"id":15069,"date":"2025-10-03T14:32:13","date_gmt":"2025-10-03T12:32:13","guid":{"rendered":"https:\/\/pasaenmendoza.com\/?p=15069"},"modified":"2025-10-03T14:32:14","modified_gmt":"2025-10-03T12:32:14","slug":"el-tiempo-en-mendoza-alerta-por-zonda-y-el-cambio-para-el-fin-de-semana","status":"publish","type":"post","link":"https:\/\/pasaenmendoza.com\/?p=15069","title":{"rendered":"El tiempo en Mendoza: alerta por Zonda y el cambio para el fin de semana"},"content":{"rendered":"\n<p>El calor intenso que azota la provincia de Mendoza sumar\u00e1 un nuevo factor de riesgo: el viento Zonda. Seg\u00fan las \u00faltimas advertencias del&nbsp;<strong>Servicio Meteorol\u00f3gico Nacional (SMN)<\/strong>&nbsp;y&nbsp;<strong>Defensa Civil<\/strong>, las altas temperaturas, que superar\u00e1n los 30\u00b0C, vendr\u00e1n acompa\u00f1adas de fuertes r\u00e1fagas, lo que ha puesto a la regi\u00f3n en alerta.<\/p>\n\n\n\n<p>El\u00a0<strong>SMN<\/strong>, a trav\u00e9s de su Sistema de Alerta Temprana, ha emitido advertencias para los pr\u00f3ximos d\u00edas. Para hoy, viernes, se espera la presencia del viento Zonda en la precordillera y Malarg\u00fce, con vientos que oscilar\u00e1n entre los\u00a0<strong>35 y 50 km\/h<\/strong>\u00a0y r\u00e1fagas que podr\u00edan superar los\u00a0<strong>70 km\/h<\/strong>.<\/p>\n\n\n\n<p>Adem\u00e1s, se ha emitido una alerta por vientos a\u00fan m\u00e1s fuertes en la cordillera, con velocidades que podr\u00edan alcanzar los&nbsp;<strong>100 km\/h<\/strong>&nbsp;en los niveles m\u00e1s altos.<\/p>\n\n\n\n<p>El fen\u00f3meno no cesar\u00e1 el fin de semana. El s\u00e1bado 4 de octubre, el Zonda se intensificar\u00e1 a partir de la ma\u00f1ana en Malarg\u00fce y el sur del Valle de Uco, extendi\u00e9ndose al mediod\u00eda hacia el Valle de Uspallata y el Gran Mendoza. Se estima que la m\u00e1xima intensidad se alcanzar\u00e1 a las 15:00 en Malarg\u00fce, donde los vientos podr\u00edan llegar a los\u00a0<strong>60 km\/h<\/strong>.<\/p>\n\n\n\n<p>Mientras tanto, se espera un viento sur suave a moderado que comenzar\u00e1 en la zona sur y se extender\u00e1 hacia el norte y este de la provincia, intensific\u00e1ndose por la noche, especialmente en el Gran Mendoza.<\/p>\n\n\n\n<p>Las condiciones meteorol\u00f3gicas cambiar\u00e1n dr\u00e1sticamente a partir del domingo. Seg\u00fan el pron\u00f3stico extendido de\u00a0<strong>Contingencias Clim\u00e1ticas<\/strong>, se espera el ingreso de un frente fr\u00edo que provocar\u00e1 un brusco descenso de la temperatura, acompa\u00f1ado de precipitaciones aisladas en las primeras horas del d\u00eda.<\/p>\n\n\n\n<p>Las autoridades recomiendan a la poblaci\u00f3n tomar las precauciones necesarias ante la combinaci\u00f3n de altas temperaturas y vientos fuertes, como evitar la exposici\u00f3n prolongada al sol, mantenerse hidratado y extremar la precauci\u00f3n en zonas con riesgo de incendios.<\/p>\n\n\n\n<p><strong>Fuente: www.elsol.com.ar<\/strong><\/p>\n","protected":false},"excerpt":{"rendered":"<p>El calor intenso que azota la provincia de Mendoza sumar\u00e1 un nuevo factor de riesgo: el viento Zonda. Seg\u00fan las \u00faltimas advertencias del&nbsp;Servicio Meteorol\u00f3gico Nacional (SMN)&nbsp;y&nbsp;Defensa Civil, las altas temperaturas, que superar\u00e1n los 30\u00b0C, vendr\u00e1n acompa\u00f1adas de fuertes r\u00e1fagas, lo que ha puesto a la regi\u00f3n en alerta. El\u00a0SMN, a trav\u00e9s de su Sistema de [&hellip;]<\/p>\n","protected":false},"author":2,"featured_media":15070,"comment_status":"open","ping_status":"open","sticky":false,"template":"","format":"standard","meta":[],"categories":[52],"tags":[],"_links":{"self":[{"href":"https:\/\/pasaenmendoza.com\/index.php?rest_route=\/wp\/v2\/posts\/15069"}],"collection":[{"href":"https:\/\/pasaenmendoza.com\/index.php?rest_route=\/wp\/v2\/posts"}],"about":[{"href":"https:\/\/pasaenmendoza.com\/index.php?rest_route=\/wp\/v2\/types\/post"}],"author":[{"embeddable":true,"href":"https:\/\/pasaenmendoza.com\/index.php?rest_route=\/wp\/v2\/users\/2"}],"replies":[{"embeddable":true,"href":"https:\/\/pasaenmendoza.com\/index.php?rest_route=%2Fwp%2Fv2%2Fcomments&post=15069"}],"version-history":[{"count":1,"href":"https:\/\/pasaenmendoza.com\/index.php?rest_route=\/wp\/v2\/posts\/15069\/revisions"}],"predecessor-version":[{"id":15071,"href":"https:\/\/pasaenmendoza.com\/index.php?rest_route=\/wp\/v2\/posts\/15069\/revisions\/15071"}],"wp:featuredmedia":[{"embeddable":true,"href":"https:\/\/pasaenmendoza.com\/index.php?rest_route=\/wp\/v2\/media\/15070"}],"wp:attachment":[{"href":"https:\/\/pasaenmendoza.com\/index.php?rest_route=%2Fwp%2Fv2%2Fmedia&parent=15069"}],"wp:term":[{"taxonomy":"category","embeddable":true,"href":"https:\/\/pasaenmendoza.com\/index.php?rest_route=%2Fwp%2Fv2%2Fcategories&post=15069"},{"taxonomy":"post_tag","embeddable":true,"href":"https:\/\/pasaenmendoza.com\/index.php?rest_route=%2Fwp%2Fv2%2Ftags&post=15069"}],"curies":[{"name":"wp","href":"https:\/\/api.w.org\/{rel}","templated":true}]}}