{"id":15075,"date":"2025-10-03T14:39:43","date_gmt":"2025-10-03T12:39:43","guid":{"rendered":"https:\/\/pasaenmendoza.com\/?p=15075"},"modified":"2025-10-03T14:39:44","modified_gmt":"2025-10-03T12:39:44","slug":"nueva-multa-a-atomo-por-diferencias-de-precios-entre-gondola-y-caja","status":"publish","type":"post","link":"https:\/\/pasaenmendoza.com\/?p=15075","title":{"rendered":"Nueva multa a \u00c1tomo por diferencias de precios entre g\u00f3ndola y caja"},"content":{"rendered":"\n<p>El&nbsp;<strong>Gobierno de Mendoza<\/strong>&nbsp;confirm\u00f3 &#8220;en todos sus t\u00e9rminos&#8221; la&nbsp;<strong>Resoluci\u00f3n 99\/25<\/strong>&nbsp;del Ministerio de Producci\u00f3n y rechaz\u00f3, por segunda vez, el&nbsp;<strong>Recurso Jer\u00e1rquico<\/strong>&nbsp;presentado por&nbsp;<strong>Mill\u00e1n S.A.<\/strong>&nbsp;La medida ratifica la&nbsp;<strong>multa de $375.000<\/strong>&nbsp;aplicada por una infracci\u00f3n al&nbsp;<strong>Art\u00edculo 11 del Decreto Nacional 274\/19<\/strong>&nbsp;(Lealtad Comercial), tras verificarse diferencias entre el precio en&nbsp;<strong>g\u00f3ndola<\/strong>&nbsp;y el cobrado en&nbsp;<strong>caja<\/strong>&nbsp;en perjuicio del consumidor. As\u00ed lo dispone el&nbsp;<strong>Decreto N\u00ba 1737<\/strong>, fechado el&nbsp;<strong>12 de agosto de 2025<\/strong>&nbsp;y publicado este&nbsp;<strong>3 de octubre de 2025<\/strong>&nbsp;en el Bolet\u00edn Oficial.<\/p>\n\n\n\n<p>La causa se origin\u00f3 en el expediente\u00a0<strong>EX-2024-02656323<\/strong>\u00a0a partir del\u00a0<strong>Acta 721\/24<\/strong>\u00a0labrada por inspectores de la Direcci\u00f3n de Fiscalizaci\u00f3n, Control y Tecnolog\u00eda Agroindustrial.\u00a0<\/p>\n\n\n\n<p>All\u00ed se consign\u00f3 el detalle del\u00a0<strong>producto<\/strong>,\u00a0<strong>marca<\/strong>,\u00a0<strong>cantidad<\/strong>,\u00a0<strong>precio en g\u00f3ndola<\/strong>\u00a0y\u00a0<strong>precio en caja<\/strong>, acompa\u00f1ado por el\u00a0<strong>ticket<\/strong>\u00a0emitido por la registradora de la sucursal. Para la administraci\u00f3n, ese conjunto probatorio es\u00a0<strong>suficiente<\/strong>\u00a0y goza de\u00a0<strong>fe p\u00fablica<\/strong>, salvo prueba en contrario que -seg\u00fan el decreto- la empresa\u00a0<strong>no aport\u00f3<\/strong>.<\/p>\n\n\n\n<p>La compa\u00f1\u00eda, representada por\u00a0<strong>Elodia Mill\u00e1n<\/strong>, hab\u00eda insistido con la\u00a0<strong>nulidad del acta<\/strong>, la supuesta &#8220;falta de motivaci\u00f3n&#8221; de las resoluciones previas y la necesidad de una &#8220;<strong>triple identidad<\/strong>&#8221; (producto, c\u00f3digo de barras y ticket). Tambi\u00e9n calific\u00f3 la multa de\u00a0<strong>&#8220;exorbitante y desproporcionada&#8221;<\/strong>.\u00a0<\/p>\n\n\n\n<p>El decreto descarta esos planteos: recuerda que la infracci\u00f3n fue&nbsp;<strong>constatada en presencia de personal responsable<\/strong>, que la sanci\u00f3n se&nbsp;<strong>grad\u00faa<\/strong>&nbsp;conforme a los&nbsp;<strong>art\u00edculos 57 inc. b y 58 del DNU 274\/19<\/strong>, y que no hay&nbsp;<strong>vicios<\/strong>&nbsp;que tornen nulo el acto administrativo.<\/p>\n\n\n\n<p>En su fundamento legal, el Gobierno remarca que el&nbsp;<strong>Art\u00edculo 11<\/strong>&nbsp;proh\u00edbe cualquier presentaci\u00f3n o publicidad que, por&nbsp;<strong>inexactitudes u ocultamientos<\/strong>, pueda inducir a&nbsp;<strong>error<\/strong>&nbsp;respecto de caracter\u00edsticas,&nbsp;<strong>precio<\/strong>&nbsp;o condiciones de comercializaci\u00f3n, y vincula estas reglas con el&nbsp;<strong>derecho a la informaci\u00f3n<\/strong>&nbsp;de los consumidores del&nbsp;<strong>Art\u00edculo 42<\/strong>&nbsp;de la Constituci\u00f3n Nacional.<\/p>\n\n\n\n<p>\u00a0Por eso, al verificarse la\u00a0<strong>asimetr\u00eda informativa<\/strong>\u00a0en el punto del precio, se configur\u00f3 una infracci\u00f3n\u00a0<strong>formal<\/strong>\u00a0que se tipifica con la\u00a0<strong>simple conducta objetiva<\/strong>\u00a0contraria al precepto.<\/p>\n\n\n\n<p><strong>Fuente: www.mendozapost.com<\/strong><\/p>\n","protected":false},"excerpt":{"rendered":"<p>El&nbsp;Gobierno de Mendoza&nbsp;confirm\u00f3 &#8220;en todos sus t\u00e9rminos&#8221; la&nbsp;Resoluci\u00f3n 99\/25&nbsp;del Ministerio de Producci\u00f3n y rechaz\u00f3, por segunda vez, el&nbsp;Recurso Jer\u00e1rquico&nbsp;presentado por&nbsp;Mill\u00e1n S.A.&nbsp;La medida ratifica la&nbsp;multa de $375.000&nbsp;aplicada por una infracci\u00f3n al&nbsp;Art\u00edculo 11 del Decreto Nacional 274\/19&nbsp;(Lealtad Comercial), tras verificarse diferencias entre el precio en&nbsp;g\u00f3ndola&nbsp;y el cobrado en&nbsp;caja&nbsp;en perjuicio del consumidor. As\u00ed lo dispone el&nbsp;Decreto N\u00ba 1737, [&hellip;]<\/p>\n","protected":false},"author":2,"featured_media":15076,"comment_status":"open","ping_status":"open","sticky":false,"template":"","format":"standard","meta":[],"categories":[50],"tags":[],"_links":{"self":[{"href":"https:\/\/pasaenmendoza.com\/index.php?rest_route=\/wp\/v2\/posts\/15075"}],"collection":[{"href":"https:\/\/pasaenmendoza.com\/index.php?rest_route=\/wp\/v2\/posts"}],"about":[{"href":"https:\/\/pasaenmendoza.com\/index.php?rest_route=\/wp\/v2\/types\/post"}],"author":[{"embeddable":true,"href":"https:\/\/pasaenmendoza.com\/index.php?rest_route=\/wp\/v2\/users\/2"}],"replies":[{"embeddable":true,"href":"https:\/\/pasaenmendoza.com\/index.php?rest_route=%2Fwp%2Fv2%2Fcomments&post=15075"}],"version-history":[{"count":1,"href":"https:\/\/pasaenmendoza.com\/index.php?rest_route=\/wp\/v2\/posts\/15075\/revisions"}],"predecessor-version":[{"id":15077,"href":"https:\/\/pasaenmendoza.com\/index.php?rest_route=\/wp\/v2\/posts\/15075\/revisions\/15077"}],"wp:featuredmedia":[{"embeddable":true,"href":"https:\/\/pasaenmendoza.com\/index.php?rest_route=\/wp\/v2\/media\/15076"}],"wp:attachment":[{"href":"https:\/\/pasaenmendoza.com\/index.php?rest_route=%2Fwp%2Fv2%2Fmedia&parent=15075"}],"wp:term":[{"taxonomy":"category","embeddable":true,"href":"https:\/\/pasaenmendoza.com\/index.php?rest_route=%2Fwp%2Fv2%2Fcategories&post=15075"},{"taxonomy":"post_tag","embeddable":true,"href":"https:\/\/pasaenmendoza.com\/index.php?rest_route=%2Fwp%2Fv2%2Ftags&post=15075"}],"curies":[{"name":"wp","href":"https:\/\/api.w.org\/{rel}","templated":true}]}}